{"id":1926,"date":"2022-03-30T15:28:15","date_gmt":"2022-03-30T13:28:15","guid":{"rendered":"https:\/\/www.universitybox.com\/?p=1926"},"modified":"2022-03-30T15:28:17","modified_gmt":"2022-03-30T13:28:17","slug":"modelle-per-il-sociale-nuovo-volto-attivismo-universitybox-blog","status":"publish","type":"post","link":"https:\/\/www.universitybox.com\/en\/modelle-per-il-sociale-nuovo-volto-attivismo-universitybox-blog\/","title":{"rendered":"Modelle per il sociale: il nuovo volto dell&#8217;attivismo"},"content":{"rendered":"<p>Il bisogno di credere in un futuro migliore \u00e8 insito nell&#8217;intimo delle persone dall&#8217;inizio dei tempi. Da sempre l&#8217;umanit\u00e0 si \u00e8 battuta per migliorare la propria condizione e continua a farlo ancora oggi. Con il tempo sono cambiate solo le modalit\u00e0 con le quali si combattono queste battaglie. Grazie allo sviluppo tecnologico e al crescente utilizzo dei social oggi l&#8217;<strong>attivismo<\/strong> ha un volto nuovo: quello delle <strong>modelle<\/strong>!<\/p>\n\n\n\n<h2 class=\"wp-block-heading\">Dalle proteste in piazza alle modelle in passerella: come si \u00e8 evoluto l&#8217;attivismo?<\/h2>\n\n\n\n<p>Prima dell&#8217;avvento di internet le<strong> lotte sociali<\/strong> si organizzavano in <strong>piazza<\/strong> ed erano mosse da improvvise ondate di foga giovanili. Questi movimenti, spesso violenti, non sempre hanno portato il <strong>cambiamento<\/strong> desiderato. In alcuni casi addirittura hanno sortito l&#8217;effetto opposto portando quella che \u00e8 la nostra generazione ha riprendere quelle <strong>battaglie<\/strong>. <\/p>\n\n\n\n<p>Fortunatamente per noi le modalit\u00e0 sono cambiate anche grazie all&#8217;avvenire dei <strong>social<\/strong>. Con l&#8217;evolversi di queste piattaforme sempre pi\u00f9 persone hanno trovato un proprio spazio per potersi esprimere liberamente su molti temi che ancora oggi sono considerati delicati. Oggi, scorrendo le stories di <strong>Instagram<\/strong> per esempio, \u00e8 sempre pi\u00f9 frequente trovare l&#8217;<a href=\"https:\/\/www.universitybox.com\/en\/le-10-influencer-piu-famose-tra-la-gen-z-universitybox-blog\/\"><strong>influencer di turno<\/strong><\/a>, l&#8217;attore, il cantante o la modella che si batte per ottenere dei &#8220;<strong>diritti<\/strong>&#8221; che migliorerebbero la vita, se non di tutti, di persone.<\/p>\n\n\n\n<p>Ed \u00e8 proprio il settore della <strong>moda <\/strong>che in questi ultimi tempi sta provando sulla propria pelle cosa significhi combattere per <strong>cambiare<\/strong>.<\/p>\n\n\n\n<h2 class=\"wp-block-heading\">La nuova faccia della moda: le modelle attiviste<\/h2>\n\n\n\n<p>Fino a qualche anno fa il settore della <strong>moda <\/strong>veniva considerato come uno di quelli pi\u00f9 esclusivi. Per poterne fare parte bisognava dover rispettare dei <strong>canoni <\/strong>di bellezza imposti da altri. Con lo sdoganarsi della &#8220;<strong>cultura della diversit\u00e0<\/strong>&#8221; c&#8217;\u00e8 stata una evoluzione anche del concetto di bellezza. Non contano pi\u00f9 solo le taglie ma anche tutto quello che c&#8217;\u00e8 dietro una persona. <\/p>\n\n\n\n<p>Sono sempre di pi\u00f9 le case di moda che scelgono di trovare delle modelle che oltre a fare da testimonial per i loro abiti possano anche essere promotrici di cambiamenti sociali importanti. Tante le professioniste che ormai dedicano all&#8217;attivismo, anche se in questo periodo si parla molto di due in particolare: <strong>Bella <\/strong>e <strong>Gigi Hadid<\/strong>.<\/p>\n\n\n\n<h2 class=\"wp-block-heading\">Bella e Gigi Hadid: l&#8217;iniziativa delle due super modelle<\/h2>\n\n\n\n<p>Tutto \u00e8 iniziato con la scelta di Gigi di <strong>donare<\/strong> tutti i suoi <strong>proventi<\/strong> derivati dalle <strong><a href=\"https:\/\/www.universitybox.com\/en\/fashionweek-moda-universitybox-blog\/\">Fashion Week   2022<\/a><\/strong> ad <strong>Ukraine Relief<\/strong>. Questa scelta, ispirata da<strong> Mica Arganaraz<\/strong> ( modella argentina di 29 anni), \u00e8 stata accolta ben volentieri anche da <strong>Bella<\/strong> che ha detto:<\/p>\n\n\n\n<p><em>&#8220;Vedere i miei amici e colleghi ucraini lavorare duramente in Europa, cos\u00ec vicini ma cos\u00ec lontani dalle loro famiglie, amici e case in Ucraina equivale ad un&#8217;<strong>esperienza che mi commuove e mi rende pi\u00f9 umile<\/strong>. Ispirata da Mica e da mia sorella, doner\u00f2 tutti i proventi di queste fashion week ad organizzazioni che stanno portando aiuto, rifugio ed assistenza sanitaria ai bisognosi in Ucraina&#8221;<\/em>.<\/p>\n\n\n\n<p>Questa appena raccontata \u00e8 solo<strong> l&#8217;ultima di una serie di iniziative <\/strong>che nel corso del tempo le due sorelle, insieme ad altre professioniste del settore, hanno intrapreso sfruttando la propria popolarit\u00e0 nella speranza di costruire un <strong>futuro migliore<\/strong>.<\/p>","protected":false},"excerpt":{"rendered":"<p>Il bisogno di credere in un futuro migliore \u00e8 insito nell&#8217;intimo delle persone dall&#8217;inizio dei tempi. Da sempre l&#8217;umanit\u00e0 si \u00e8 battuta per migliorare la propria condizione e continua a farlo ancora oggi. Con il tempo sono cambiate solo le modalit\u00e0 con le quali si combattono queste battaglie. Grazie allo sviluppo tecnologico e al crescente &hellip; <\/p>\n<p class=\"link-more\"><a href=\"https:\/\/www.universitybox.com\/en\/modelle-per-il-sociale-nuovo-volto-attivismo-universitybox-blog\/\" class=\"more-link\">Continue reading<span class=\"screen-reader-text\"> &#8220;Modelle per il sociale: il nuovo volto dell&#8217;attivismo&#8221;<\/span><\/a><\/p>","protected":false},"author":10,"featured_media":1974,"comment_status":"open","ping_status":"open","sticky":false,"template":"","format":"standard","meta":{"footnotes":""},"categories":[5],"tags":[224,222,223,219,221,220],"class_list":["post-1926","post","type-post","status-publish","format-standard","has-post-thumbnail","hentry","category-moda","tag-bella-hadid","tag-fashion-sfilate","tag-gigi-hadid","tag-modelle","tag-modelle-milano-fashion-week","tag-sfilate"],"yoast_head":"<!-- This site is optimized with the Yoast SEO plugin v27.5 - https:\/\/yoast.com\/product\/yoast-seo-wordpress\/ -->\n<title>Modelle e attivismo - Universitybox blog<\/title>\n<meta name=\"description\" content=\"Le parole &quot;modelle&quot; ed &quot;attivismo&quot; possono stare nella stessa frase? Secondo noi si e l&#039;iniziativa presa da Bella e Gigi Hadid lo conferma.\" \/>\n<meta name=\"robots\" content=\"index, follow, max-snippet:-1, max-image-preview:large, max-video-preview:-1\" \/>\n<link rel=\"canonical\" href=\"https:\/\/www.universitybox.com\/en\/modelle-per-il-sociale-nuovo-volto-attivismo-universitybox-blog\/\" \/>\n<meta property=\"og:locale\" content=\"en_GB\" \/>\n<meta property=\"og:type\" content=\"article\" \/>\n<meta property=\"og:title\" content=\"Modelle e attivismo - Universitybox blog\" \/>\n<meta property=\"og:description\" content=\"Le parole &quot;modelle&quot; ed &quot;attivismo&quot; possono stare nella stessa frase? Secondo noi si e l&#039;iniziativa presa da Bella e Gigi Hadid lo conferma.\" \/>\n<meta property=\"og:url\" content=\"https:\/\/www.universitybox.com\/en\/modelle-per-il-sociale-nuovo-volto-attivismo-universitybox-blog\/\" \/>\n<meta property=\"og:site_name\" content=\"UniversityBox\" \/>\n<meta property=\"article:published_time\" content=\"2022-03-30T13:28:15+00:00\" \/>\n<meta property=\"article:modified_time\" content=\"2022-03-30T13:28:17+00:00\" \/>\n<meta property=\"og:image\" content=\"https:\/\/www.universitybox.com\/wp-content\/uploads\/2022\/03\/ehimetalor-akhere-unuabona-HnWt27rJG7c-unsplash-scaled.jpg\" \/>\n\t<meta property=\"og:image:width\" content=\"2560\" \/>\n\t<meta property=\"og:image:height\" content=\"1707\" \/>\n\t<meta property=\"og:image:type\" content=\"image\/jpeg\" \/>\n<meta name=\"author\" content=\"Ciro Chierchio\" \/>\n<meta name=\"twitter:card\" content=\"summary_large_image\" \/>\n<meta name=\"twitter:label1\" content=\"Written by\" \/>\n\t<meta name=\"twitter:data1\" content=\"Ciro Chierchio\" \/>\n\t<meta name=\"twitter:label2\" content=\"Estimated reading time\" \/>\n\t<meta name=\"twitter:data2\" content=\"3 minutes\" \/>\n<script type=\"application\/ld+json\" class=\"yoast-schema-graph\">{\"@context\":\"https:\\\/\\\/schema.org\",\"@graph\":[{\"@type\":\"Article\",\"@id\":\"https:\\\/\\\/www.universitybox.com\\\/en\\\/modelle-per-il-sociale-nuovo-volto-attivismo-universitybox-blog\\\/#article\",\"isPartOf\":{\"@id\":\"https:\\\/\\\/www.universitybox.com\\\/en\\\/modelle-per-il-sociale-nuovo-volto-attivismo-universitybox-blog\\\/\"},\"author\":{\"name\":\"Ciro Chierchio\",\"@id\":\"https:\\\/\\\/www.universitybox.com\\\/#\\\/schema\\\/person\\\/35e0baec9f3d8dbda3ea630ed48d8482\"},\"headline\":\"Modelle per il sociale: il nuovo volto dell&#8217;attivismo\",\"datePublished\":\"2022-03-30T13:28:15+00:00\",\"dateModified\":\"2022-03-30T13:28:17+00:00\",\"mainEntityOfPage\":{\"@id\":\"https:\\\/\\\/www.universitybox.com\\\/en\\\/modelle-per-il-sociale-nuovo-volto-attivismo-universitybox-blog\\\/\"},\"wordCount\":522,\"commentCount\":0,\"publisher\":{\"@id\":\"https:\\\/\\\/www.universitybox.com\\\/#organization\"},\"image\":{\"@id\":\"https:\\\/\\\/www.universitybox.com\\\/en\\\/modelle-per-il-sociale-nuovo-volto-attivismo-universitybox-blog\\\/#primaryimage\"},\"thumbnailUrl\":\"https:\\\/\\\/www.universitybox.com\\\/wp-content\\\/uploads\\\/2022\\\/03\\\/ehimetalor-akhere-unuabona-HnWt27rJG7c-unsplash-scaled.jpg\",\"keywords\":[\"bella hadid\",\"fashion sfilate\",\"gigi hadid\",\"modelle\",\"modelle milano fashion week\",\"sfilate\"],\"articleSection\":[\"Moda\"],\"inLanguage\":\"en-GB\",\"potentialAction\":[{\"@type\":\"CommentAction\",\"name\":\"Comment\",\"target\":[\"https:\\\/\\\/www.universitybox.com\\\/en\\\/modelle-per-il-sociale-nuovo-volto-attivismo-universitybox-blog\\\/#respond\"]}]},{\"@type\":\"WebPage\",\"@id\":\"https:\\\/\\\/www.universitybox.com\\\/en\\\/modelle-per-il-sociale-nuovo-volto-attivismo-universitybox-blog\\\/\",\"url\":\"https:\\\/\\\/www.universitybox.com\\\/en\\\/modelle-per-il-sociale-nuovo-volto-attivismo-universitybox-blog\\\/\",\"name\":\"Modelle e attivismo - Universitybox blog\",\"isPartOf\":{\"@id\":\"https:\\\/\\\/www.universitybox.com\\\/#website\"},\"primaryImageOfPage\":{\"@id\":\"https:\\\/\\\/www.universitybox.com\\\/en\\\/modelle-per-il-sociale-nuovo-volto-attivismo-universitybox-blog\\\/#primaryimage\"},\"image\":{\"@id\":\"https:\\\/\\\/www.universitybox.com\\\/en\\\/modelle-per-il-sociale-nuovo-volto-attivismo-universitybox-blog\\\/#primaryimage\"},\"thumbnailUrl\":\"https:\\\/\\\/www.universitybox.com\\\/wp-content\\\/uploads\\\/2022\\\/03\\\/ehimetalor-akhere-unuabona-HnWt27rJG7c-unsplash-scaled.jpg\",\"datePublished\":\"2022-03-30T13:28:15+00:00\",\"dateModified\":\"2022-03-30T13:28:17+00:00\",\"description\":\"Le parole \\\"modelle\\\" ed \\\"attivismo\\\" possono stare nella stessa frase? Secondo noi si e l'iniziativa presa da Bella e Gigi Hadid lo conferma.\",\"breadcrumb\":{\"@id\":\"https:\\\/\\\/www.universitybox.com\\\/en\\\/modelle-per-il-sociale-nuovo-volto-attivismo-universitybox-blog\\\/#breadcrumb\"},\"inLanguage\":\"en-GB\",\"potentialAction\":[{\"@type\":\"ReadAction\",\"target\":[\"https:\\\/\\\/www.universitybox.com\\\/en\\\/modelle-per-il-sociale-nuovo-volto-attivismo-universitybox-blog\\\/\"]}]},{\"@type\":\"ImageObject\",\"inLanguage\":\"en-GB\",\"@id\":\"https:\\\/\\\/www.universitybox.com\\\/en\\\/modelle-per-il-sociale-nuovo-volto-attivismo-universitybox-blog\\\/#primaryimage\",\"url\":\"https:\\\/\\\/www.universitybox.com\\\/wp-content\\\/uploads\\\/2022\\\/03\\\/ehimetalor-akhere-unuabona-HnWt27rJG7c-unsplash-scaled.jpg\",\"contentUrl\":\"https:\\\/\\\/www.universitybox.com\\\/wp-content\\\/uploads\\\/2022\\\/03\\\/ehimetalor-akhere-unuabona-HnWt27rJG7c-unsplash-scaled.jpg\",\"width\":2560,\"height\":1707},{\"@type\":\"BreadcrumbList\",\"@id\":\"https:\\\/\\\/www.universitybox.com\\\/en\\\/modelle-per-il-sociale-nuovo-volto-attivismo-universitybox-blog\\\/#breadcrumb\",\"itemListElement\":[{\"@type\":\"ListItem\",\"position\":1,\"name\":\"Home\",\"item\":\"https:\\\/\\\/www.universitybox.com\\\/\"},{\"@type\":\"ListItem\",\"position\":2,\"name\":\"Modelle per il sociale: il nuovo volto dell&#8217;attivismo\"}]},{\"@type\":\"WebSite\",\"@id\":\"https:\\\/\\\/www.universitybox.com\\\/#website\",\"url\":\"https:\\\/\\\/www.universitybox.com\\\/\",\"name\":\"UniversityBox\",\"description\":\"La community degli universitari\",\"publisher\":{\"@id\":\"https:\\\/\\\/www.universitybox.com\\\/#organization\"},\"potentialAction\":[{\"@type\":\"SearchAction\",\"target\":{\"@type\":\"EntryPoint\",\"urlTemplate\":\"https:\\\/\\\/www.universitybox.com\\\/?s={search_term_string}\"},\"query-input\":{\"@type\":\"PropertyValueSpecification\",\"valueRequired\":true,\"valueName\":\"search_term_string\"}}],\"inLanguage\":\"en-GB\"},{\"@type\":\"Organization\",\"@id\":\"https:\\\/\\\/www.universitybox.com\\\/#organization\",\"name\":\"UniversityBox\",\"url\":\"https:\\\/\\\/www.universitybox.com\\\/\",\"logo\":{\"@type\":\"ImageObject\",\"inLanguage\":\"en-GB\",\"@id\":\"https:\\\/\\\/www.universitybox.com\\\/#\\\/schema\\\/logo\\\/image\\\/\",\"url\":\"https:\\\/\\\/www.universitybox.com\\\/wp-content\\\/uploads\\\/2021\\\/10\\\/image001.png\",\"contentUrl\":\"https:\\\/\\\/www.universitybox.com\\\/wp-content\\\/uploads\\\/2021\\\/10\\\/image001.png\",\"width\":198,\"height\":198,\"caption\":\"UniversityBox\"},\"image\":{\"@id\":\"https:\\\/\\\/www.universitybox.com\\\/#\\\/schema\\\/logo\\\/image\\\/\"}},{\"@type\":\"Person\",\"@id\":\"https:\\\/\\\/www.universitybox.com\\\/#\\\/schema\\\/person\\\/35e0baec9f3d8dbda3ea630ed48d8482\",\"name\":\"Ciro Chierchio\",\"image\":{\"@type\":\"ImageObject\",\"inLanguage\":\"en-GB\",\"@id\":\"https:\\\/\\\/secure.gravatar.com\\\/avatar\\\/7127f8c0fd97509d9a11a7f4c8f482700000dc1bfd344f7d443263f8f19d7298?s=96&d=mm&r=g\",\"url\":\"https:\\\/\\\/secure.gravatar.com\\\/avatar\\\/7127f8c0fd97509d9a11a7f4c8f482700000dc1bfd344f7d443263f8f19d7298?s=96&d=mm&r=g\",\"contentUrl\":\"https:\\\/\\\/secure.gravatar.com\\\/avatar\\\/7127f8c0fd97509d9a11a7f4c8f482700000dc1bfd344f7d443263f8f19d7298?s=96&d=mm&r=g\",\"caption\":\"Ciro Chierchio\"},\"description\":\"Sono Ciro, ho 25 anni e sono uno studente universitario della facolt\u00e0 di Ingegneria Meccanica. Sono una persona molto dinamica che coltiva diversi interessi tra cui quelli dello sport, della cucina e della scrittura.\",\"url\":\"https:\\\/\\\/www.universitybox.com\\\/en\\\/author\\\/ciro\\\/\"}]}<\/script>\n<!-- \/ Yoast SEO plugin. -->","yoast_head_json":{"title":"Modelle e attivismo - Universitybox blog","description":"Le parole \"modelle\" ed \"attivismo\" possono stare nella stessa frase? Secondo noi si e l'iniziativa presa da Bella e Gigi Hadid lo conferma.","robots":{"index":"index","follow":"follow","max-snippet":"max-snippet:-1","max-image-preview":"max-image-preview:large","max-video-preview":"max-video-preview:-1"},"canonical":"https:\/\/www.universitybox.com\/en\/modelle-per-il-sociale-nuovo-volto-attivismo-universitybox-blog\/","og_locale":"en_GB","og_type":"article","og_title":"Modelle e attivismo - Universitybox blog","og_description":"Le parole \"modelle\" ed \"attivismo\" possono stare nella stessa frase? Secondo noi si e l'iniziativa presa da Bella e Gigi Hadid lo conferma.","og_url":"https:\/\/www.universitybox.com\/en\/modelle-per-il-sociale-nuovo-volto-attivismo-universitybox-blog\/","og_site_name":"UniversityBox","article_published_time":"2022-03-30T13:28:15+00:00","article_modified_time":"2022-03-30T13:28:17+00:00","og_image":[{"width":2560,"height":1707,"url":"https:\/\/www.universitybox.com\/wp-content\/uploads\/2022\/03\/ehimetalor-akhere-unuabona-HnWt27rJG7c-unsplash-scaled.jpg","type":"image\/jpeg"}],"author":"Ciro Chierchio","twitter_card":"summary_large_image","twitter_misc":{"Written by":"Ciro Chierchio","Estimated reading time":"3 minutes"},"schema":{"@context":"https:\/\/schema.org","@graph":[{"@type":"Article","@id":"https:\/\/www.universitybox.com\/en\/modelle-per-il-sociale-nuovo-volto-attivismo-universitybox-blog\/#article","isPartOf":{"@id":"https:\/\/www.universitybox.com\/en\/modelle-per-il-sociale-nuovo-volto-attivismo-universitybox-blog\/"},"author":{"name":"Ciro Chierchio","@id":"https:\/\/www.universitybox.com\/#\/schema\/person\/35e0baec9f3d8dbda3ea630ed48d8482"},"headline":"Modelle per il sociale: il nuovo volto dell&#8217;attivismo","datePublished":"2022-03-30T13:28:15+00:00","dateModified":"2022-03-30T13:28:17+00:00","mainEntityOfPage":{"@id":"https:\/\/www.universitybox.com\/en\/modelle-per-il-sociale-nuovo-volto-attivismo-universitybox-blog\/"},"wordCount":522,"commentCount":0,"publisher":{"@id":"https:\/\/www.universitybox.com\/#organization"},"image":{"@id":"https:\/\/www.universitybox.com\/en\/modelle-per-il-sociale-nuovo-volto-attivismo-universitybox-blog\/#primaryimage"},"thumbnailUrl":"https:\/\/www.universitybox.com\/wp-content\/uploads\/2022\/03\/ehimetalor-akhere-unuabona-HnWt27rJG7c-unsplash-scaled.jpg","keywords":["bella hadid","fashion sfilate","gigi hadid","modelle","modelle milano fashion week","sfilate"],"articleSection":["Moda"],"inLanguage":"en-GB","potentialAction":[{"@type":"CommentAction","name":"Comment","target":["https:\/\/www.universitybox.com\/en\/modelle-per-il-sociale-nuovo-volto-attivismo-universitybox-blog\/#respond"]}]},{"@type":"WebPage","@id":"https:\/\/www.universitybox.com\/en\/modelle-per-il-sociale-nuovo-volto-attivismo-universitybox-blog\/","url":"https:\/\/www.universitybox.com\/en\/modelle-per-il-sociale-nuovo-volto-attivismo-universitybox-blog\/","name":"Modelle e attivismo - Universitybox blog","isPartOf":{"@id":"https:\/\/www.universitybox.com\/#website"},"primaryImageOfPage":{"@id":"https:\/\/www.universitybox.com\/en\/modelle-per-il-sociale-nuovo-volto-attivismo-universitybox-blog\/#primaryimage"},"image":{"@id":"https:\/\/www.universitybox.com\/en\/modelle-per-il-sociale-nuovo-volto-attivismo-universitybox-blog\/#primaryimage"},"thumbnailUrl":"https:\/\/www.universitybox.com\/wp-content\/uploads\/2022\/03\/ehimetalor-akhere-unuabona-HnWt27rJG7c-unsplash-scaled.jpg","datePublished":"2022-03-30T13:28:15+00:00","dateModified":"2022-03-30T13:28:17+00:00","description":"Le parole \"modelle\" ed \"attivismo\" possono stare nella stessa frase? Secondo noi si e l'iniziativa presa da Bella e Gigi Hadid lo conferma.","breadcrumb":{"@id":"https:\/\/www.universitybox.com\/en\/modelle-per-il-sociale-nuovo-volto-attivismo-universitybox-blog\/#breadcrumb"},"inLanguage":"en-GB","potentialAction":[{"@type":"ReadAction","target":["https:\/\/www.universitybox.com\/en\/modelle-per-il-sociale-nuovo-volto-attivismo-universitybox-blog\/"]}]},{"@type":"ImageObject","inLanguage":"en-GB","@id":"https:\/\/www.universitybox.com\/en\/modelle-per-il-sociale-nuovo-volto-attivismo-universitybox-blog\/#primaryimage","url":"https:\/\/www.universitybox.com\/wp-content\/uploads\/2022\/03\/ehimetalor-akhere-unuabona-HnWt27rJG7c-unsplash-scaled.jpg","contentUrl":"https:\/\/www.universitybox.com\/wp-content\/uploads\/2022\/03\/ehimetalor-akhere-unuabona-HnWt27rJG7c-unsplash-scaled.jpg","width":2560,"height":1707},{"@type":"BreadcrumbList","@id":"https:\/\/www.universitybox.com\/en\/modelle-per-il-sociale-nuovo-volto-attivismo-universitybox-blog\/#breadcrumb","itemListElement":[{"@type":"ListItem","position":1,"name":"Home","item":"https:\/\/www.universitybox.com\/"},{"@type":"ListItem","position":2,"name":"Modelle per il sociale: il nuovo volto dell&#8217;attivismo"}]},{"@type":"WebSite","@id":"https:\/\/www.universitybox.com\/#website","url":"https:\/\/www.universitybox.com\/","name":"UniversityBox","description":"La community degli universitari","publisher":{"@id":"https:\/\/www.universitybox.com\/#organization"},"potentialAction":[{"@type":"SearchAction","target":{"@type":"EntryPoint","urlTemplate":"https:\/\/www.universitybox.com\/?s={search_term_string}"},"query-input":{"@type":"PropertyValueSpecification","valueRequired":true,"valueName":"search_term_string"}}],"inLanguage":"en-GB"},{"@type":"Organization","@id":"https:\/\/www.universitybox.com\/#organization","name":"UniversityBox","url":"https:\/\/www.universitybox.com\/","logo":{"@type":"ImageObject","inLanguage":"en-GB","@id":"https:\/\/www.universitybox.com\/#\/schema\/logo\/image\/","url":"https:\/\/www.universitybox.com\/wp-content\/uploads\/2021\/10\/image001.png","contentUrl":"https:\/\/www.universitybox.com\/wp-content\/uploads\/2021\/10\/image001.png","width":198,"height":198,"caption":"UniversityBox"},"image":{"@id":"https:\/\/www.universitybox.com\/#\/schema\/logo\/image\/"}},{"@type":"Person","@id":"https:\/\/www.universitybox.com\/#\/schema\/person\/35e0baec9f3d8dbda3ea630ed48d8482","name":"Ciro Chierchio","image":{"@type":"ImageObject","inLanguage":"en-GB","@id":"https:\/\/secure.gravatar.com\/avatar\/7127f8c0fd97509d9a11a7f4c8f482700000dc1bfd344f7d443263f8f19d7298?s=96&d=mm&r=g","url":"https:\/\/secure.gravatar.com\/avatar\/7127f8c0fd97509d9a11a7f4c8f482700000dc1bfd344f7d443263f8f19d7298?s=96&d=mm&r=g","contentUrl":"https:\/\/secure.gravatar.com\/avatar\/7127f8c0fd97509d9a11a7f4c8f482700000dc1bfd344f7d443263f8f19d7298?s=96&d=mm&r=g","caption":"Ciro Chierchio"},"description":"Sono Ciro, ho 25 anni e sono uno studente universitario della facolt\u00e0 di Ingegneria Meccanica. Sono una persona molto dinamica che coltiva diversi interessi tra cui quelli dello sport, della cucina e della scrittura.","url":"https:\/\/www.universitybox.com\/en\/author\/ciro\/"}]}},"_links":{"self":[{"href":"https:\/\/www.universitybox.com\/en\/wp-json\/wp\/v2\/posts\/1926","targetHints":{"allow":["GET"]}}],"collection":[{"href":"https:\/\/www.universitybox.com\/en\/wp-json\/wp\/v2\/posts"}],"about":[{"href":"https:\/\/www.universitybox.com\/en\/wp-json\/wp\/v2\/types\/post"}],"author":[{"embeddable":true,"href":"https:\/\/www.universitybox.com\/en\/wp-json\/wp\/v2\/users\/10"}],"replies":[{"embeddable":true,"href":"https:\/\/www.universitybox.com\/en\/wp-json\/wp\/v2\/comments?post=1926"}],"version-history":[{"count":3,"href":"https:\/\/www.universitybox.com\/en\/wp-json\/wp\/v2\/posts\/1926\/revisions"}],"predecessor-version":[{"id":1975,"href":"https:\/\/www.universitybox.com\/en\/wp-json\/wp\/v2\/posts\/1926\/revisions\/1975"}],"wp:featuredmedia":[{"embeddable":true,"href":"https:\/\/www.universitybox.com\/en\/wp-json\/wp\/v2\/media\/1974"}],"wp:attachment":[{"href":"https:\/\/www.universitybox.com\/en\/wp-json\/wp\/v2\/media?parent=1926"}],"wp:term":[{"taxonomy":"category","embeddable":true,"href":"https:\/\/www.universitybox.com\/en\/wp-json\/wp\/v2\/categories?post=1926"},{"taxonomy":"post_tag","embeddable":true,"href":"https:\/\/www.universitybox.com\/en\/wp-json\/wp\/v2\/tags?post=1926"}],"curies":[{"name":"wp","href":"https:\/\/api.w.org\/{rel}","templated":true}]}}