{"id":12043,"date":"2026-03-09T11:28:28","date_gmt":"2026-03-09T10:28:28","guid":{"rendered":"https:\/\/www.universitybox.com\/?p=12043"},"modified":"2026-03-09T11:28:30","modified_gmt":"2026-03-09T10:28:30","slug":"ireland-week-2026-milano-eventi-san-patrizio","status":"publish","type":"post","link":"https:\/\/www.universitybox.com\/en\/ireland-week-2026-milano-eventi-san-patrizio\/","title":{"rendered":"Ireland Week 2026 Milano: Eventi, Programma e Guida"},"content":{"rendered":"<p>La <strong>Ireland Week 2026 Milano<\/strong> \u00e8 ufficialmente tornata, trasformando il capoluogo lombardo in un&#8217;autentica enclave dell&#8217;Isola di Smeraldo dall&#8217;8 al 17 marzo 2026. Se cerchi il mix perfetto tra tradizioni celtiche, fiumi di birra scura e cultura vibrante, questa quinta edizione promette di farti vivere lo spirito di San Patrizio senza dover prendere un aereo.<\/p>\n\n\n\n<h2 class=\"wp-block-heading\">Programma Ireland Week 2026 Milano: Gli Eventi Imperdibili<\/h2>\n\n\n\n<p>Milano si tinge di verde per dieci giorni consecutivi con un palinsesto che supera i 50 appuntamenti. Il legame tra la citt\u00e0 meneghina e la cultura irlandese non \u00e8 mai stato cos\u00ec forte. Dalle piazze ai cinema, passando per i navigli e i locali storici, c&#8217;\u00e8 un evento per ogni sfaccettatura della Gen Z che vuole unire divertimento e scoperta culturale. Per chi vive la <a href=\"http:\/\/www.universitybox.com\/en\/\">vita universitaria a Milano<\/a>, questa \u00e8 la settimana ideale per staccare la spina dalle lezioni ed esplorare la metropoli sotto una nuova luce.<\/p>\n\n\n\n<h3 class=\"wp-block-heading\">Experience Ireland: Il Via Ufficiale alla Ireland Week 2026 Milano<\/h3>\n\n\n\n<p>Domenica 8 marzo, Cascina Cuccagna si trasforma nel cuore pulsante dell&#8217;Irlanda. Dalle 11:30 alle 19:00, l&#8217;evento <em>Experience Ireland<\/em> offre workshop gastronomici incentrati sulla panificazione e sul cioccolato, lezioni di danza tradizionale e degustazioni gratuite. \u00c8 il punto di partenza perfetto per immergersi nell&#8217;atmosfera di questa Ireland Week 2026 Milano, assaggiando sapori autentici e scoprendo le immense offerte turistiche dell&#8217;isola. <\/p>\n\n\n\n<h3 class=\"wp-block-heading\">Navigli in Verde: La Ireland Week 2026 Milano in Battello<\/h3>\n\n\n\n<p>Una delle novit\u00e0 pi\u00f9 affascinanti (e instagrammabili) di quest&#8217;anno \u00e8 il battello Navigli &#8220;Rigoletto&#8221;. Dal 10 al 17 marzo, questa storica imbarcazione navigher\u00e0 sulla Darsena illuminata di un verde smeraldo intenso. Ogni sera, dalle 18:30 alle 21:00, ospiter\u00e0 band irlandesi dal vivo come i Keltaholics e il Duilleoga Duo. Un&#8217;esperienza urbana immersiva che unisce il fascino acquatico dei canali milanesi con l&#8217;energia vibrante di Dublino. In aggiunta, gioved\u00ec 12 marzo, non perderti il <em>Bike Food Tour<\/em> con partenza dallo storico negozio Rossignoli in Corso Garibaldi: un&#8217;ottima scusa per unire sport, mobilit\u00e0 dolce e tappe gastronomiche a tema.<\/p>\n\n\n\n<h3 class=\"wp-block-heading\">Sport, Cinema e Cultura: Eventi San Patrizio a Milano<\/h3>\n\n\n\n<p>La rassegna si spinge ben oltre i classici brindisi. Dal 9 al 13 marzo, l&#8217;Anteo Palazzo del Cinema proietter\u00e0 un ciclo di pellicole irlandesi in lingua originale con sottotitoli. Sul fronte sportivo, la Ireland Week 2026 Milano porta in citt\u00e0 discipline iconiche: il 14 marzo l&#8217;A.S. Rugby Milano all&#8217;Idroscalo ospiter\u00e0 un attesissimo torneo di calcio gaelico, mentre al Golf Club Rovedine si terranno open day tematici l&#8217;8, 14 e 21 marzo. Infine, per chi abbraccia la sostenibilit\u00e0 ambientale, dal 13 al 15 marzo l&#8217;Irlanda sar\u00e0 protagonista indiscussa alla fiera <em>Fa&#8217; la cosa giusta!<\/em> a Fieramilano Rho.<\/p>\n\n\n\n<h2 class=\"wp-block-heading\">Dove Festeggiare: I Pub della Ireland Week 2026 Milano<\/h2>\n\n\n\n<p>Il culmine delle celebrazioni arriva marted\u00ec 17 marzo, giorno di San Patrizio. I pub milanesi si preparano a registrare il tutto esaurito, blindando la serata con palinsesti dedicati. Lo Spirit de Milan cambia veste e diventa <em>Spirit of Ireland<\/em>, offrendo lezioni di danza celitca, dj-set e fiumi di stout. Il leggendario Pogue Mahone&#8217;s Pub trasmetter\u00e0 le finali del prestigioso torneo Six Nations di rugby accompagnate da jam session di musica dal vivo, mentre all&#8217;Hard Rock Caf\u00e9 si esibiranno le energiche Lizberries.<\/p>\n\n\n\n<p>Organizzare la propria agenda durante questa settimana \u00e8 fondamentale per non perdere le iniziative migliori e gli slot limitati dei workshop gratuiti. Per rimanere sempre aggiornato su opportunit\u00e0, sconti per studenti ed eventi esclusivi in citt\u00e0, esplora la nostra sezione dedicata agli <a href=\"http:\/\/www.universitybox.com\/en\/\">eventi e vantaggi per universitari<\/a>.<\/p>\n\n\n\n<p>Per consultare la mappa interattiva e procedere con le prenotazioni ufficiali (molti eventi gratuiti sono a numero rigorosamente chiuso), visita il sito di <a href=\"https:\/\/www.ireland.com\/it-it\/\">Turismo Irlandese<\/a>. Sl\u00e1inte!<\/p>\n\n\n\n<p><\/p>","protected":false},"excerpt":{"rendered":"<p>La Ireland Week 2026 Milano \u00e8 ufficialmente tornata, trasformando il capoluogo lombardo in un&#8217;autentica enclave dell&#8217;Isola di Smeraldo dall&#8217;8 al 17 marzo 2026. Se cerchi il mix perfetto tra tradizioni celtiche, fiumi di birra scura e cultura vibrante, questa quinta edizione promette di farti vivere lo spirito di San Patrizio senza dover prendere un aereo. &hellip; <\/p>\n<p class=\"link-more\"><a href=\"https:\/\/www.universitybox.com\/en\/ireland-week-2026-milano-eventi-san-patrizio\/\" class=\"more-link\">Continue reading<span class=\"screen-reader-text\"> &#8220;Ireland Week 2026 Milano: Eventi, Programma e Guida&#8221;<\/span><\/a><\/p>","protected":false},"author":27,"featured_media":12044,"comment_status":"closed","ping_status":"closed","sticky":false,"template":"","format":"standard","meta":{"footnotes":""},"categories":[619],"tags":[1217,1216,34,1215,1214,64,17],"class_list":["post-12043","post","type-post","status-publish","format-standard","has-post-thumbnail","hentry","category-eventi","tag-eventi-san-patrizio-a-milano","tag-experience-ireland","tag-gen-z","tag-ireland-week-2026-milano","tag-san-patrizio","tag-studenti","tag-trend"],"yoast_head":"<!-- This site is optimized with the Yoast SEO plugin v27.4 - https:\/\/yoast.com\/product\/yoast-seo-wordpress\/ -->\n<title>Ireland Week 2026 Milano: Eventi, Programma e Guida - UniversityBox<\/title>\n<meta name=\"description\" content=\"Scopri il programma completo della Ireland Week 2026 Milano. Dall&#039;8 al 17 marzo 2026 la citt\u00e0 si tinge di verde tra musica e cultura.\" \/>\n<meta name=\"robots\" content=\"index, follow, max-snippet:-1, max-image-preview:large, max-video-preview:-1\" \/>\n<link rel=\"canonical\" href=\"https:\/\/www.universitybox.com\/en\/ireland-week-2026-milano-eventi-san-patrizio\/\" \/>\n<meta property=\"og:locale\" content=\"en_GB\" \/>\n<meta property=\"og:type\" content=\"article\" \/>\n<meta property=\"og:title\" content=\"Ireland Week 2026 Milano: Eventi, Programma e Guida - UniversityBox\" \/>\n<meta property=\"og:description\" content=\"Scopri il programma completo della Ireland Week 2026 Milano. Dall&#039;8 al 17 marzo 2026 la citt\u00e0 si tinge di verde tra musica e cultura.\" \/>\n<meta property=\"og:url\" content=\"https:\/\/www.universitybox.com\/en\/ireland-week-2026-milano-eventi-san-patrizio\/\" \/>\n<meta property=\"og:site_name\" content=\"UniversityBox\" \/>\n<meta property=\"article:published_time\" content=\"2026-03-09T10:28:28+00:00\" \/>\n<meta property=\"article:modified_time\" content=\"2026-03-09T10:28:30+00:00\" \/>\n<meta property=\"og:image\" content=\"https:\/\/www.universitybox.com\/wp-content\/uploads\/2026\/03\/pexels-kazze-3325372.jpg\" \/>\n\t<meta property=\"og:image:width\" content=\"2560\" \/>\n\t<meta property=\"og:image:height\" content=\"1706\" \/>\n\t<meta property=\"og:image:type\" content=\"image\/jpeg\" \/>\n<meta name=\"author\" content=\"Greta Cartera\" \/>\n<meta name=\"twitter:card\" content=\"summary_large_image\" \/>\n<meta name=\"twitter:label1\" content=\"Written by\" \/>\n\t<meta name=\"twitter:data1\" content=\"Greta Cartera\" \/>\n\t<meta name=\"twitter:label2\" content=\"Estimated reading time\" \/>\n\t<meta name=\"twitter:data2\" content=\"4 minutes\" \/>\n<script type=\"application\/ld+json\" class=\"yoast-schema-graph\">{\"@context\":\"https:\\\/\\\/schema.org\",\"@graph\":[{\"@type\":\"Article\",\"@id\":\"https:\\\/\\\/www.universitybox.com\\\/ireland-week-2026-milano-eventi-san-patrizio\\\/#article\",\"isPartOf\":{\"@id\":\"https:\\\/\\\/www.universitybox.com\\\/ireland-week-2026-milano-eventi-san-patrizio\\\/\"},\"author\":{\"name\":\"Greta Cartera\",\"@id\":\"https:\\\/\\\/www.universitybox.com\\\/#\\\/schema\\\/person\\\/7fa03b0e63d08b7525a195077a013a2b\"},\"headline\":\"Ireland Week 2026 Milano: Eventi, Programma e Guida\",\"datePublished\":\"2026-03-09T10:28:28+00:00\",\"dateModified\":\"2026-03-09T10:28:30+00:00\",\"mainEntityOfPage\":{\"@id\":\"https:\\\/\\\/www.universitybox.com\\\/ireland-week-2026-milano-eventi-san-patrizio\\\/\"},\"wordCount\":588,\"publisher\":{\"@id\":\"https:\\\/\\\/www.universitybox.com\\\/#organization\"},\"image\":{\"@id\":\"https:\\\/\\\/www.universitybox.com\\\/ireland-week-2026-milano-eventi-san-patrizio\\\/#primaryimage\"},\"thumbnailUrl\":\"https:\\\/\\\/www.universitybox.com\\\/wp-content\\\/uploads\\\/2026\\\/03\\\/pexels-kazze-3325372.jpg\",\"keywords\":[\"Eventi San Patrizio a Milano\",\"Experience Ireland\",\"Gen Z\",\"Ireland week 2026 milano\",\"san patrizio\",\"studenti\",\"trend\"],\"articleSection\":[\"Eventi\"],\"inLanguage\":\"en-GB\"},{\"@type\":\"WebPage\",\"@id\":\"https:\\\/\\\/www.universitybox.com\\\/ireland-week-2026-milano-eventi-san-patrizio\\\/\",\"url\":\"https:\\\/\\\/www.universitybox.com\\\/ireland-week-2026-milano-eventi-san-patrizio\\\/\",\"name\":\"Ireland Week 2026 Milano: Eventi, Programma e Guida - UniversityBox\",\"isPartOf\":{\"@id\":\"https:\\\/\\\/www.universitybox.com\\\/#website\"},\"primaryImageOfPage\":{\"@id\":\"https:\\\/\\\/www.universitybox.com\\\/ireland-week-2026-milano-eventi-san-patrizio\\\/#primaryimage\"},\"image\":{\"@id\":\"https:\\\/\\\/www.universitybox.com\\\/ireland-week-2026-milano-eventi-san-patrizio\\\/#primaryimage\"},\"thumbnailUrl\":\"https:\\\/\\\/www.universitybox.com\\\/wp-content\\\/uploads\\\/2026\\\/03\\\/pexels-kazze-3325372.jpg\",\"datePublished\":\"2026-03-09T10:28:28+00:00\",\"dateModified\":\"2026-03-09T10:28:30+00:00\",\"description\":\"Scopri il programma completo della Ireland Week 2026 Milano. Dall'8 al 17 marzo 2026 la citt\u00e0 si tinge di verde tra musica e cultura.\",\"breadcrumb\":{\"@id\":\"https:\\\/\\\/www.universitybox.com\\\/ireland-week-2026-milano-eventi-san-patrizio\\\/#breadcrumb\"},\"inLanguage\":\"en-GB\",\"potentialAction\":[{\"@type\":\"ReadAction\",\"target\":[\"https:\\\/\\\/www.universitybox.com\\\/ireland-week-2026-milano-eventi-san-patrizio\\\/\"]}]},{\"@type\":\"ImageObject\",\"inLanguage\":\"en-GB\",\"@id\":\"https:\\\/\\\/www.universitybox.com\\\/ireland-week-2026-milano-eventi-san-patrizio\\\/#primaryimage\",\"url\":\"https:\\\/\\\/www.universitybox.com\\\/wp-content\\\/uploads\\\/2026\\\/03\\\/pexels-kazze-3325372.jpg\",\"contentUrl\":\"https:\\\/\\\/www.universitybox.com\\\/wp-content\\\/uploads\\\/2026\\\/03\\\/pexels-kazze-3325372.jpg\",\"width\":2560,\"height\":1706,\"caption\":\"Ireland Week 2026 Milano\"},{\"@type\":\"BreadcrumbList\",\"@id\":\"https:\\\/\\\/www.universitybox.com\\\/ireland-week-2026-milano-eventi-san-patrizio\\\/#breadcrumb\",\"itemListElement\":[{\"@type\":\"ListItem\",\"position\":1,\"name\":\"Home\",\"item\":\"https:\\\/\\\/www.universitybox.com\\\/\"},{\"@type\":\"ListItem\",\"position\":2,\"name\":\"Ireland Week 2026 Milano: Eventi, Programma e Guida\"}]},{\"@type\":\"WebSite\",\"@id\":\"https:\\\/\\\/www.universitybox.com\\\/#website\",\"url\":\"https:\\\/\\\/www.universitybox.com\\\/\",\"name\":\"UniversityBox\",\"description\":\"La community degli universitari\",\"publisher\":{\"@id\":\"https:\\\/\\\/www.universitybox.com\\\/#organization\"},\"potentialAction\":[{\"@type\":\"SearchAction\",\"target\":{\"@type\":\"EntryPoint\",\"urlTemplate\":\"https:\\\/\\\/www.universitybox.com\\\/?s={search_term_string}\"},\"query-input\":{\"@type\":\"PropertyValueSpecification\",\"valueRequired\":true,\"valueName\":\"search_term_string\"}}],\"inLanguage\":\"en-GB\"},{\"@type\":\"Organization\",\"@id\":\"https:\\\/\\\/www.universitybox.com\\\/#organization\",\"name\":\"UniversityBox\",\"url\":\"https:\\\/\\\/www.universitybox.com\\\/\",\"logo\":{\"@type\":\"ImageObject\",\"inLanguage\":\"en-GB\",\"@id\":\"https:\\\/\\\/www.universitybox.com\\\/#\\\/schema\\\/logo\\\/image\\\/\",\"url\":\"https:\\\/\\\/www.universitybox.com\\\/wp-content\\\/uploads\\\/2021\\\/10\\\/image001.png\",\"contentUrl\":\"https:\\\/\\\/www.universitybox.com\\\/wp-content\\\/uploads\\\/2021\\\/10\\\/image001.png\",\"width\":198,\"height\":198,\"caption\":\"UniversityBox\"},\"image\":{\"@id\":\"https:\\\/\\\/www.universitybox.com\\\/#\\\/schema\\\/logo\\\/image\\\/\"}},{\"@type\":\"Person\",\"@id\":\"https:\\\/\\\/www.universitybox.com\\\/#\\\/schema\\\/person\\\/7fa03b0e63d08b7525a195077a013a2b\",\"name\":\"Greta Cartera\",\"image\":{\"@type\":\"ImageObject\",\"inLanguage\":\"en-GB\",\"@id\":\"https:\\\/\\\/secure.gravatar.com\\\/avatar\\\/9260be4dac4f2cdabb2d6a3295cdf6643d5c08f07035d35d1b6258cc8cf85291?s=96&d=mm&r=g\",\"url\":\"https:\\\/\\\/secure.gravatar.com\\\/avatar\\\/9260be4dac4f2cdabb2d6a3295cdf6643d5c08f07035d35d1b6258cc8cf85291?s=96&d=mm&r=g\",\"contentUrl\":\"https:\\\/\\\/secure.gravatar.com\\\/avatar\\\/9260be4dac4f2cdabb2d6a3295cdf6643d5c08f07035d35d1b6258cc8cf85291?s=96&d=mm&r=g\",\"caption\":\"Greta Cartera\"},\"url\":\"https:\\\/\\\/www.universitybox.com\\\/en\\\/author\\\/greta-cartera\\\/\"}]}<\/script>\n<!-- \/ Yoast SEO plugin. -->","yoast_head_json":{"title":"Ireland Week 2026 Milano: Eventi, Programma e Guida - UniversityBox","description":"Scopri il programma completo della Ireland Week 2026 Milano. Dall'8 al 17 marzo 2026 la citt\u00e0 si tinge di verde tra musica e cultura.","robots":{"index":"index","follow":"follow","max-snippet":"max-snippet:-1","max-image-preview":"max-image-preview:large","max-video-preview":"max-video-preview:-1"},"canonical":"https:\/\/www.universitybox.com\/en\/ireland-week-2026-milano-eventi-san-patrizio\/","og_locale":"en_GB","og_type":"article","og_title":"Ireland Week 2026 Milano: Eventi, Programma e Guida - UniversityBox","og_description":"Scopri il programma completo della Ireland Week 2026 Milano. Dall'8 al 17 marzo 2026 la citt\u00e0 si tinge di verde tra musica e cultura.","og_url":"https:\/\/www.universitybox.com\/en\/ireland-week-2026-milano-eventi-san-patrizio\/","og_site_name":"UniversityBox","article_published_time":"2026-03-09T10:28:28+00:00","article_modified_time":"2026-03-09T10:28:30+00:00","og_image":[{"width":2560,"height":1706,"url":"https:\/\/www.universitybox.com\/wp-content\/uploads\/2026\/03\/pexels-kazze-3325372.jpg","type":"image\/jpeg"}],"author":"Greta Cartera","twitter_card":"summary_large_image","twitter_misc":{"Written by":"Greta Cartera","Estimated reading time":"4 minutes"},"schema":{"@context":"https:\/\/schema.org","@graph":[{"@type":"Article","@id":"https:\/\/www.universitybox.com\/ireland-week-2026-milano-eventi-san-patrizio\/#article","isPartOf":{"@id":"https:\/\/www.universitybox.com\/ireland-week-2026-milano-eventi-san-patrizio\/"},"author":{"name":"Greta Cartera","@id":"https:\/\/www.universitybox.com\/#\/schema\/person\/7fa03b0e63d08b7525a195077a013a2b"},"headline":"Ireland Week 2026 Milano: Eventi, Programma e Guida","datePublished":"2026-03-09T10:28:28+00:00","dateModified":"2026-03-09T10:28:30+00:00","mainEntityOfPage":{"@id":"https:\/\/www.universitybox.com\/ireland-week-2026-milano-eventi-san-patrizio\/"},"wordCount":588,"publisher":{"@id":"https:\/\/www.universitybox.com\/#organization"},"image":{"@id":"https:\/\/www.universitybox.com\/ireland-week-2026-milano-eventi-san-patrizio\/#primaryimage"},"thumbnailUrl":"https:\/\/www.universitybox.com\/wp-content\/uploads\/2026\/03\/pexels-kazze-3325372.jpg","keywords":["Eventi San Patrizio a Milano","Experience Ireland","Gen Z","Ireland week 2026 milano","san patrizio","studenti","trend"],"articleSection":["Eventi"],"inLanguage":"en-GB"},{"@type":"WebPage","@id":"https:\/\/www.universitybox.com\/ireland-week-2026-milano-eventi-san-patrizio\/","url":"https:\/\/www.universitybox.com\/ireland-week-2026-milano-eventi-san-patrizio\/","name":"Ireland Week 2026 Milano: Eventi, Programma e Guida - UniversityBox","isPartOf":{"@id":"https:\/\/www.universitybox.com\/#website"},"primaryImageOfPage":{"@id":"https:\/\/www.universitybox.com\/ireland-week-2026-milano-eventi-san-patrizio\/#primaryimage"},"image":{"@id":"https:\/\/www.universitybox.com\/ireland-week-2026-milano-eventi-san-patrizio\/#primaryimage"},"thumbnailUrl":"https:\/\/www.universitybox.com\/wp-content\/uploads\/2026\/03\/pexels-kazze-3325372.jpg","datePublished":"2026-03-09T10:28:28+00:00","dateModified":"2026-03-09T10:28:30+00:00","description":"Scopri il programma completo della Ireland Week 2026 Milano. Dall'8 al 17 marzo 2026 la citt\u00e0 si tinge di verde tra musica e cultura.","breadcrumb":{"@id":"https:\/\/www.universitybox.com\/ireland-week-2026-milano-eventi-san-patrizio\/#breadcrumb"},"inLanguage":"en-GB","potentialAction":[{"@type":"ReadAction","target":["https:\/\/www.universitybox.com\/ireland-week-2026-milano-eventi-san-patrizio\/"]}]},{"@type":"ImageObject","inLanguage":"en-GB","@id":"https:\/\/www.universitybox.com\/ireland-week-2026-milano-eventi-san-patrizio\/#primaryimage","url":"https:\/\/www.universitybox.com\/wp-content\/uploads\/2026\/03\/pexels-kazze-3325372.jpg","contentUrl":"https:\/\/www.universitybox.com\/wp-content\/uploads\/2026\/03\/pexels-kazze-3325372.jpg","width":2560,"height":1706,"caption":"Ireland Week 2026 Milano"},{"@type":"BreadcrumbList","@id":"https:\/\/www.universitybox.com\/ireland-week-2026-milano-eventi-san-patrizio\/#breadcrumb","itemListElement":[{"@type":"ListItem","position":1,"name":"Home","item":"https:\/\/www.universitybox.com\/"},{"@type":"ListItem","position":2,"name":"Ireland Week 2026 Milano: Eventi, Programma e Guida"}]},{"@type":"WebSite","@id":"https:\/\/www.universitybox.com\/#website","url":"https:\/\/www.universitybox.com\/","name":"UniversityBox","description":"La community degli universitari","publisher":{"@id":"https:\/\/www.universitybox.com\/#organization"},"potentialAction":[{"@type":"SearchAction","target":{"@type":"EntryPoint","urlTemplate":"https:\/\/www.universitybox.com\/?s={search_term_string}"},"query-input":{"@type":"PropertyValueSpecification","valueRequired":true,"valueName":"search_term_string"}}],"inLanguage":"en-GB"},{"@type":"Organization","@id":"https:\/\/www.universitybox.com\/#organization","name":"UniversityBox","url":"https:\/\/www.universitybox.com\/","logo":{"@type":"ImageObject","inLanguage":"en-GB","@id":"https:\/\/www.universitybox.com\/#\/schema\/logo\/image\/","url":"https:\/\/www.universitybox.com\/wp-content\/uploads\/2021\/10\/image001.png","contentUrl":"https:\/\/www.universitybox.com\/wp-content\/uploads\/2021\/10\/image001.png","width":198,"height":198,"caption":"UniversityBox"},"image":{"@id":"https:\/\/www.universitybox.com\/#\/schema\/logo\/image\/"}},{"@type":"Person","@id":"https:\/\/www.universitybox.com\/#\/schema\/person\/7fa03b0e63d08b7525a195077a013a2b","name":"Greta Cartera","image":{"@type":"ImageObject","inLanguage":"en-GB","@id":"https:\/\/secure.gravatar.com\/avatar\/9260be4dac4f2cdabb2d6a3295cdf6643d5c08f07035d35d1b6258cc8cf85291?s=96&d=mm&r=g","url":"https:\/\/secure.gravatar.com\/avatar\/9260be4dac4f2cdabb2d6a3295cdf6643d5c08f07035d35d1b6258cc8cf85291?s=96&d=mm&r=g","contentUrl":"https:\/\/secure.gravatar.com\/avatar\/9260be4dac4f2cdabb2d6a3295cdf6643d5c08f07035d35d1b6258cc8cf85291?s=96&d=mm&r=g","caption":"Greta Cartera"},"url":"https:\/\/www.universitybox.com\/en\/author\/greta-cartera\/"}]}},"_links":{"self":[{"href":"https:\/\/www.universitybox.com\/en\/wp-json\/wp\/v2\/posts\/12043","targetHints":{"allow":["GET"]}}],"collection":[{"href":"https:\/\/www.universitybox.com\/en\/wp-json\/wp\/v2\/posts"}],"about":[{"href":"https:\/\/www.universitybox.com\/en\/wp-json\/wp\/v2\/types\/post"}],"author":[{"embeddable":true,"href":"https:\/\/www.universitybox.com\/en\/wp-json\/wp\/v2\/users\/27"}],"replies":[{"embeddable":true,"href":"https:\/\/www.universitybox.com\/en\/wp-json\/wp\/v2\/comments?post=12043"}],"version-history":[{"count":1,"href":"https:\/\/www.universitybox.com\/en\/wp-json\/wp\/v2\/posts\/12043\/revisions"}],"predecessor-version":[{"id":12045,"href":"https:\/\/www.universitybox.com\/en\/wp-json\/wp\/v2\/posts\/12043\/revisions\/12045"}],"wp:featuredmedia":[{"embeddable":true,"href":"https:\/\/www.universitybox.com\/en\/wp-json\/wp\/v2\/media\/12044"}],"wp:attachment":[{"href":"https:\/\/www.universitybox.com\/en\/wp-json\/wp\/v2\/media?parent=12043"}],"wp:term":[{"taxonomy":"category","embeddable":true,"href":"https:\/\/www.universitybox.com\/en\/wp-json\/wp\/v2\/categories?post=12043"},{"taxonomy":"post_tag","embeddable":true,"href":"https:\/\/www.universitybox.com\/en\/wp-json\/wp\/v2\/tags?post=12043"}],"curies":[{"name":"wp","href":"https:\/\/api.w.org\/{rel}","templated":true}]}}