{"id":11690,"date":"2026-02-25T18:10:22","date_gmt":"2026-02-25T17:10:22","guid":{"rendered":"https:\/\/www.universitybox.com\/?p=11690"},"modified":"2026-02-25T18:11:58","modified_gmt":"2026-02-25T17:11:58","slug":"scaletta-sanremo-2026-seconda-serata","status":"publish","type":"post","link":"https:\/\/www.universitybox.com\/en\/scaletta-sanremo-2026-seconda-serata\/","title":{"rendered":"Scaletta Sanremo 2026 seconda serata dei 15 Big"},"content":{"rendered":"<p>La <strong>scaletta Sanremo 2026 seconda serata<\/strong> \u00e8 ora ufficiale e delinea il percorso di una delle notti pi\u00f9 attese del Festival. Dopo l&#8217;esordio, la competizione entra nel vivo con l&#8217;esibizione di met\u00e0 dei 30 Big in gara, sottoposti al giudizio del Televoto e della Giuria delle Radio. <a href=\"https:\/\/www.instagram.com\/universitybox?utm_source=ig_web_button_share_sheet&amp;igsh=ZDNlZDc0MzIxNw==\">UniversityBox<\/a> segue in diretta l&#8217;evolversi della kermesse, analizzando performance e trend che domineranno i feed di TikTok.<\/p>\n\n\n\n<h2 class=\"wp-block-heading\">I Conduttori e la Co-Conduzione<\/h2>\n\n\n\n<p>Alla guida dell&#8217;Ariston troviamo la solidit\u00e0 di <strong>Carlo Conti<\/strong>, direttore artistico, affiancato dalla star globale <strong>Laura Pausini<\/strong>. Una coppia che garantisce ritmo televisivo e competenza musicale. Ad arricchire la narrazione della serata, un trio eclettico alla co-conduzione:<\/p>\n\n\n\n<ul class=\"wp-block-list\">\n<li><strong>Achille Lauro<\/strong>: da quadro artistico a padrone di casa.<\/li>\n\n\n\n<li><strong>Pilar Fogliati<\/strong>: talento cristallino della recitazione italiana.<\/li>\n\n\n\n<li><strong>Lillo<\/strong>: quota comedy necessaria per spezzare la tensione della gara.<\/li>\n<\/ul>\n\n\n\n<h2 class=\"wp-block-heading\">I 15 Big in Gara (Ordine Alfabetico)<\/h2>\n\n\n\n<p>La line-up di questa sera intercetta pienamente il gusto della Gen Z, con un mix tra indie, rap e grandi ritorni. Ecco gli artisti che saliranno sul palco:<\/p>\n\n\n\n<ol class=\"wp-block-list\">\n<li><strong>Bambole di Pezza<\/strong><\/li>\n\n\n\n<li><strong>Chiello<\/strong><\/li>\n\n\n\n<li><strong>Dargen D&#8217;Amico<\/strong><\/li>\n\n\n\n<li><strong>Ditonellapiaga<\/strong><\/li>\n\n\n\n<li><strong>Elettra Lamborghini<\/strong><\/li>\n\n\n\n<li><strong>Enrico Nigiotti<\/strong><\/li>\n\n\n\n<li><strong>Ermal Meta<\/strong><\/li>\n\n\n\n<li><strong>Fedez e Marco Masini<\/strong> (Il duo pi\u00f9 discusso della vigilia)<\/li>\n\n\n\n<li><strong>Fulminacci<\/strong><\/li>\n\n\n\n<li><strong>J-Ax<\/strong><\/li>\n\n\n\n<li><strong>LDA &amp; AKA 7even<\/strong><\/li>\n\n\n\n<li><strong>Levante<\/strong><\/li>\n\n\n\n<li><strong>Nayt<\/strong><\/li>\n\n\n\n<li><strong>Patty Pravo<\/strong><\/li>\n\n\n\n<li><strong>Tommaso Paradiso<\/strong><\/li>\n<\/ol>\n\n\n\n<p>Particolare attenzione per <strong>Nayt<\/strong> e <strong>Chiello<\/strong>, le cui quote sono in ascesa tra gli studenti universitari e le community online.<\/p>\n\n\n\n<h2 class=\"wp-block-heading\">Ospiti: Tra Musica e Sport Olimpico<\/h2>\n\n\n\n<p>Siamo nel 2026, l&#8217;anno delle Olimpiadi invernali di Milano-Cortina. Il palco dell&#8217;Ariston celebra lo sport azzurro con una delegazione di altissimo profilo: <strong>Francesca Lollobrigida<\/strong>, <strong>Lisa Vittozzi<\/strong> e <strong>Giacomo Bertagnolli<\/strong>, accompagnati da Giuliana Turra.<\/p>\n\n\n\n<p>Sul fronte musicale, spazio alla storia con <strong>Fausto Leali<\/strong> e all&#8217;impegno sociale con il <strong>Coro dell&#8217;Anffas<\/strong>.<\/p>\n\n\n\n<h2 class=\"wp-block-heading\">Gli Stage Esterni: Bresh e Pezzali<\/h2>\n\n\n\n<p>La festa non si limita al teatro. Il collegamento esterno \u00e8 un punto focale per il pubblico pi\u00f9 giovane:<\/p>\n\n\n\n<ul class=\"wp-block-list\">\n<li><strong>Suzuki Stage (Piazza Colombo):<\/strong> Protagonista <strong>Bresh<\/strong>. Il rapper genovese, icona del nuovo cantautorato urban, porter\u00e0 la sua <em>Guasto d&#8217;Amore<\/em> e i nuovi inediti tra la folla.<\/li>\n\n\n\n<li><strong>Costa Toscana:<\/strong> La nave ospiter\u00e0 il karaoke generazionale di <strong>Max Pezzali<\/strong>, trasformando il largo di Sanremo in una discoteca a cielo aperto.<\/li>\n<\/ul>\n\n\n\n<p>Per restare aggiornati su tutte le novit\u00e0 del mondo universitario e lifestyle, continuate a seguire il magazine di <a href=\"https:\/\/www.universitybox.com\/en\/\">UniversityBox<\/a>.<\/p>\n\n\n\n<p><\/p>","protected":false},"excerpt":{"rendered":"<p>La scaletta Sanremo 2026 seconda serata \u00e8 ora ufficiale e delinea il percorso di una delle notti pi\u00f9 attese del Festival. Dopo l&#8217;esordio, la competizione entra nel vivo con l&#8217;esibizione di met\u00e0 dei 30 Big in gara, sottoposti al giudizio del Televoto e della Giuria delle Radio. UniversityBox segue in diretta l&#8217;evolversi della kermesse, analizzando &hellip; <\/p>\n<p class=\"link-more\"><a href=\"https:\/\/www.universitybox.com\/en\/scaletta-sanremo-2026-seconda-serata\/\" class=\"more-link\">Continue reading<span class=\"screen-reader-text\"> &#8220;Scaletta Sanremo 2026 seconda serata dei 15 Big&#8221;<\/span><\/a><\/p>","protected":false},"author":27,"featured_media":9059,"comment_status":"closed","ping_status":"closed","sticky":false,"template":"","format":"standard","meta":{"footnotes":""},"categories":[619],"tags":[1133,1064,34,1173,1136,1065,64,17],"class_list":["post-11690","post","type-post","status-publish","format-standard","has-post-thumbnail","hentry","category-eventi","tag-fantasanremo-2026","tag-festival-di-sanremo","tag-gen-z","tag-saletta-ufficiale-sanremo","tag-sanremo","tag-sanremo-2026","tag-studenti","tag-trend"],"yoast_head":"<!-- This site is optimized with the Yoast SEO plugin v27.4 - https:\/\/yoast.com\/product\/yoast-seo-wordpress\/ -->\n<title>Scaletta Sanremo 2026 seconda serata dei 15 Big - UniversityBox<\/title>\n<meta name=\"description\" content=\"Scopri la scaletta Sanremo 2026 seconda serata: dai conduttori Carlo Conti e Laura Pausini all&#039;elenco dei 15 Big in gara.\" \/>\n<meta name=\"robots\" content=\"index, follow, max-snippet:-1, max-image-preview:large, max-video-preview:-1\" \/>\n<link rel=\"canonical\" href=\"https:\/\/www.universitybox.com\/en\/scaletta-sanremo-2026-seconda-serata\/\" \/>\n<meta property=\"og:locale\" content=\"en_GB\" \/>\n<meta property=\"og:type\" content=\"article\" \/>\n<meta property=\"og:title\" content=\"Scaletta Sanremo 2026 seconda serata dei 15 Big - UniversityBox\" \/>\n<meta property=\"og:description\" content=\"Scopri la scaletta Sanremo 2026 seconda serata: dai conduttori Carlo Conti e Laura Pausini all&#039;elenco dei 15 Big in gara.\" \/>\n<meta property=\"og:url\" content=\"https:\/\/www.universitybox.com\/en\/scaletta-sanremo-2026-seconda-serata\/\" \/>\n<meta property=\"og:site_name\" content=\"UniversityBox\" \/>\n<meta property=\"article:published_time\" content=\"2026-02-25T17:10:22+00:00\" \/>\n<meta property=\"article:modified_time\" content=\"2026-02-25T17:11:58+00:00\" \/>\n<meta property=\"og:image\" content=\"https:\/\/www.universitybox.com\/wp-content\/uploads\/2025\/02\/Immagine-WhatsApp-2025-02-11-ore-13.29.58_63f5899a.jpg\" \/>\n\t<meta property=\"og:image:width\" content=\"1320\" \/>\n\t<meta property=\"og:image:height\" content=\"731\" \/>\n\t<meta property=\"og:image:type\" content=\"image\/jpeg\" \/>\n<meta name=\"author\" content=\"Greta Cartera\" \/>\n<meta name=\"twitter:card\" content=\"summary_large_image\" \/>\n<meta name=\"twitter:label1\" content=\"Written by\" \/>\n\t<meta name=\"twitter:data1\" content=\"Greta Cartera\" \/>\n\t<meta name=\"twitter:label2\" content=\"Estimated reading time\" \/>\n\t<meta name=\"twitter:data2\" content=\"3 minutes\" \/>\n<script type=\"application\/ld+json\" class=\"yoast-schema-graph\">{\"@context\":\"https:\\\/\\\/schema.org\",\"@graph\":[{\"@type\":\"Article\",\"@id\":\"https:\\\/\\\/www.universitybox.com\\\/scaletta-sanremo-2026-seconda-serata\\\/#article\",\"isPartOf\":{\"@id\":\"https:\\\/\\\/www.universitybox.com\\\/scaletta-sanremo-2026-seconda-serata\\\/\"},\"author\":{\"name\":\"Greta Cartera\",\"@id\":\"https:\\\/\\\/www.universitybox.com\\\/#\\\/schema\\\/person\\\/7fa03b0e63d08b7525a195077a013a2b\"},\"headline\":\"Scaletta Sanremo 2026 seconda serata dei 15 Big\",\"datePublished\":\"2026-02-25T17:10:22+00:00\",\"dateModified\":\"2026-02-25T17:11:58+00:00\",\"mainEntityOfPage\":{\"@id\":\"https:\\\/\\\/www.universitybox.com\\\/scaletta-sanremo-2026-seconda-serata\\\/\"},\"wordCount\":379,\"publisher\":{\"@id\":\"https:\\\/\\\/www.universitybox.com\\\/#organization\"},\"image\":{\"@id\":\"https:\\\/\\\/www.universitybox.com\\\/scaletta-sanremo-2026-seconda-serata\\\/#primaryimage\"},\"thumbnailUrl\":\"https:\\\/\\\/www.universitybox.com\\\/wp-content\\\/uploads\\\/2025\\\/02\\\/Immagine-WhatsApp-2025-02-11-ore-13.29.58_63f5899a.jpg\",\"keywords\":[\"FantaSanremo 2026\",\"festival di Sanremo\",\"Gen Z\",\"Saletta ufficiale Sanremo\",\"Sanremo\",\"Sanremo 2026\",\"studenti\",\"trend\"],\"articleSection\":[\"Eventi\"],\"inLanguage\":\"en-GB\"},{\"@type\":\"WebPage\",\"@id\":\"https:\\\/\\\/www.universitybox.com\\\/scaletta-sanremo-2026-seconda-serata\\\/\",\"url\":\"https:\\\/\\\/www.universitybox.com\\\/scaletta-sanremo-2026-seconda-serata\\\/\",\"name\":\"Scaletta Sanremo 2026 seconda serata dei 15 Big - UniversityBox\",\"isPartOf\":{\"@id\":\"https:\\\/\\\/www.universitybox.com\\\/#website\"},\"primaryImageOfPage\":{\"@id\":\"https:\\\/\\\/www.universitybox.com\\\/scaletta-sanremo-2026-seconda-serata\\\/#primaryimage\"},\"image\":{\"@id\":\"https:\\\/\\\/www.universitybox.com\\\/scaletta-sanremo-2026-seconda-serata\\\/#primaryimage\"},\"thumbnailUrl\":\"https:\\\/\\\/www.universitybox.com\\\/wp-content\\\/uploads\\\/2025\\\/02\\\/Immagine-WhatsApp-2025-02-11-ore-13.29.58_63f5899a.jpg\",\"datePublished\":\"2026-02-25T17:10:22+00:00\",\"dateModified\":\"2026-02-25T17:11:58+00:00\",\"description\":\"Scopri la scaletta Sanremo 2026 seconda serata: dai conduttori Carlo Conti e Laura Pausini all'elenco dei 15 Big in gara.\",\"breadcrumb\":{\"@id\":\"https:\\\/\\\/www.universitybox.com\\\/scaletta-sanremo-2026-seconda-serata\\\/#breadcrumb\"},\"inLanguage\":\"en-GB\",\"potentialAction\":[{\"@type\":\"ReadAction\",\"target\":[\"https:\\\/\\\/www.universitybox.com\\\/scaletta-sanremo-2026-seconda-serata\\\/\"]}]},{\"@type\":\"ImageObject\",\"inLanguage\":\"en-GB\",\"@id\":\"https:\\\/\\\/www.universitybox.com\\\/scaletta-sanremo-2026-seconda-serata\\\/#primaryimage\",\"url\":\"https:\\\/\\\/www.universitybox.com\\\/wp-content\\\/uploads\\\/2025\\\/02\\\/Immagine-WhatsApp-2025-02-11-ore-13.29.58_63f5899a.jpg\",\"contentUrl\":\"https:\\\/\\\/www.universitybox.com\\\/wp-content\\\/uploads\\\/2025\\\/02\\\/Immagine-WhatsApp-2025-02-11-ore-13.29.58_63f5899a.jpg\",\"width\":1320,\"height\":731,\"caption\":\"Vincitori Sanremo 2026\"},{\"@type\":\"BreadcrumbList\",\"@id\":\"https:\\\/\\\/www.universitybox.com\\\/scaletta-sanremo-2026-seconda-serata\\\/#breadcrumb\",\"itemListElement\":[{\"@type\":\"ListItem\",\"position\":1,\"name\":\"Home\",\"item\":\"https:\\\/\\\/www.universitybox.com\\\/\"},{\"@type\":\"ListItem\",\"position\":2,\"name\":\"Scaletta Sanremo 2026 seconda serata dei 15 Big\"}]},{\"@type\":\"WebSite\",\"@id\":\"https:\\\/\\\/www.universitybox.com\\\/#website\",\"url\":\"https:\\\/\\\/www.universitybox.com\\\/\",\"name\":\"UniversityBox\",\"description\":\"La community degli universitari\",\"publisher\":{\"@id\":\"https:\\\/\\\/www.universitybox.com\\\/#organization\"},\"potentialAction\":[{\"@type\":\"SearchAction\",\"target\":{\"@type\":\"EntryPoint\",\"urlTemplate\":\"https:\\\/\\\/www.universitybox.com\\\/?s={search_term_string}\"},\"query-input\":{\"@type\":\"PropertyValueSpecification\",\"valueRequired\":true,\"valueName\":\"search_term_string\"}}],\"inLanguage\":\"en-GB\"},{\"@type\":\"Organization\",\"@id\":\"https:\\\/\\\/www.universitybox.com\\\/#organization\",\"name\":\"UniversityBox\",\"url\":\"https:\\\/\\\/www.universitybox.com\\\/\",\"logo\":{\"@type\":\"ImageObject\",\"inLanguage\":\"en-GB\",\"@id\":\"https:\\\/\\\/www.universitybox.com\\\/#\\\/schema\\\/logo\\\/image\\\/\",\"url\":\"https:\\\/\\\/www.universitybox.com\\\/wp-content\\\/uploads\\\/2021\\\/10\\\/image001.png\",\"contentUrl\":\"https:\\\/\\\/www.universitybox.com\\\/wp-content\\\/uploads\\\/2021\\\/10\\\/image001.png\",\"width\":198,\"height\":198,\"caption\":\"UniversityBox\"},\"image\":{\"@id\":\"https:\\\/\\\/www.universitybox.com\\\/#\\\/schema\\\/logo\\\/image\\\/\"}},{\"@type\":\"Person\",\"@id\":\"https:\\\/\\\/www.universitybox.com\\\/#\\\/schema\\\/person\\\/7fa03b0e63d08b7525a195077a013a2b\",\"name\":\"Greta Cartera\",\"image\":{\"@type\":\"ImageObject\",\"inLanguage\":\"en-GB\",\"@id\":\"https:\\\/\\\/secure.gravatar.com\\\/avatar\\\/9260be4dac4f2cdabb2d6a3295cdf6643d5c08f07035d35d1b6258cc8cf85291?s=96&d=mm&r=g\",\"url\":\"https:\\\/\\\/secure.gravatar.com\\\/avatar\\\/9260be4dac4f2cdabb2d6a3295cdf6643d5c08f07035d35d1b6258cc8cf85291?s=96&d=mm&r=g\",\"contentUrl\":\"https:\\\/\\\/secure.gravatar.com\\\/avatar\\\/9260be4dac4f2cdabb2d6a3295cdf6643d5c08f07035d35d1b6258cc8cf85291?s=96&d=mm&r=g\",\"caption\":\"Greta Cartera\"},\"url\":\"https:\\\/\\\/www.universitybox.com\\\/en\\\/author\\\/greta-cartera\\\/\"}]}<\/script>\n<!-- \/ Yoast SEO plugin. -->","yoast_head_json":{"title":"Scaletta Sanremo 2026 seconda serata dei 15 Big - UniversityBox","description":"Scopri la scaletta Sanremo 2026 seconda serata: dai conduttori Carlo Conti e Laura Pausini all'elenco dei 15 Big in gara.","robots":{"index":"index","follow":"follow","max-snippet":"max-snippet:-1","max-image-preview":"max-image-preview:large","max-video-preview":"max-video-preview:-1"},"canonical":"https:\/\/www.universitybox.com\/en\/scaletta-sanremo-2026-seconda-serata\/","og_locale":"en_GB","og_type":"article","og_title":"Scaletta Sanremo 2026 seconda serata dei 15 Big - UniversityBox","og_description":"Scopri la scaletta Sanremo 2026 seconda serata: dai conduttori Carlo Conti e Laura Pausini all'elenco dei 15 Big in gara.","og_url":"https:\/\/www.universitybox.com\/en\/scaletta-sanremo-2026-seconda-serata\/","og_site_name":"UniversityBox","article_published_time":"2026-02-25T17:10:22+00:00","article_modified_time":"2026-02-25T17:11:58+00:00","og_image":[{"width":1320,"height":731,"url":"https:\/\/www.universitybox.com\/wp-content\/uploads\/2025\/02\/Immagine-WhatsApp-2025-02-11-ore-13.29.58_63f5899a.jpg","type":"image\/jpeg"}],"author":"Greta Cartera","twitter_card":"summary_large_image","twitter_misc":{"Written by":"Greta Cartera","Estimated reading time":"3 minutes"},"schema":{"@context":"https:\/\/schema.org","@graph":[{"@type":"Article","@id":"https:\/\/www.universitybox.com\/scaletta-sanremo-2026-seconda-serata\/#article","isPartOf":{"@id":"https:\/\/www.universitybox.com\/scaletta-sanremo-2026-seconda-serata\/"},"author":{"name":"Greta Cartera","@id":"https:\/\/www.universitybox.com\/#\/schema\/person\/7fa03b0e63d08b7525a195077a013a2b"},"headline":"Scaletta Sanremo 2026 seconda serata dei 15 Big","datePublished":"2026-02-25T17:10:22+00:00","dateModified":"2026-02-25T17:11:58+00:00","mainEntityOfPage":{"@id":"https:\/\/www.universitybox.com\/scaletta-sanremo-2026-seconda-serata\/"},"wordCount":379,"publisher":{"@id":"https:\/\/www.universitybox.com\/#organization"},"image":{"@id":"https:\/\/www.universitybox.com\/scaletta-sanremo-2026-seconda-serata\/#primaryimage"},"thumbnailUrl":"https:\/\/www.universitybox.com\/wp-content\/uploads\/2025\/02\/Immagine-WhatsApp-2025-02-11-ore-13.29.58_63f5899a.jpg","keywords":["FantaSanremo 2026","festival di Sanremo","Gen Z","Saletta ufficiale Sanremo","Sanremo","Sanremo 2026","studenti","trend"],"articleSection":["Eventi"],"inLanguage":"en-GB"},{"@type":"WebPage","@id":"https:\/\/www.universitybox.com\/scaletta-sanremo-2026-seconda-serata\/","url":"https:\/\/www.universitybox.com\/scaletta-sanremo-2026-seconda-serata\/","name":"Scaletta Sanremo 2026 seconda serata dei 15 Big - UniversityBox","isPartOf":{"@id":"https:\/\/www.universitybox.com\/#website"},"primaryImageOfPage":{"@id":"https:\/\/www.universitybox.com\/scaletta-sanremo-2026-seconda-serata\/#primaryimage"},"image":{"@id":"https:\/\/www.universitybox.com\/scaletta-sanremo-2026-seconda-serata\/#primaryimage"},"thumbnailUrl":"https:\/\/www.universitybox.com\/wp-content\/uploads\/2025\/02\/Immagine-WhatsApp-2025-02-11-ore-13.29.58_63f5899a.jpg","datePublished":"2026-02-25T17:10:22+00:00","dateModified":"2026-02-25T17:11:58+00:00","description":"Scopri la scaletta Sanremo 2026 seconda serata: dai conduttori Carlo Conti e Laura Pausini all'elenco dei 15 Big in gara.","breadcrumb":{"@id":"https:\/\/www.universitybox.com\/scaletta-sanremo-2026-seconda-serata\/#breadcrumb"},"inLanguage":"en-GB","potentialAction":[{"@type":"ReadAction","target":["https:\/\/www.universitybox.com\/scaletta-sanremo-2026-seconda-serata\/"]}]},{"@type":"ImageObject","inLanguage":"en-GB","@id":"https:\/\/www.universitybox.com\/scaletta-sanremo-2026-seconda-serata\/#primaryimage","url":"https:\/\/www.universitybox.com\/wp-content\/uploads\/2025\/02\/Immagine-WhatsApp-2025-02-11-ore-13.29.58_63f5899a.jpg","contentUrl":"https:\/\/www.universitybox.com\/wp-content\/uploads\/2025\/02\/Immagine-WhatsApp-2025-02-11-ore-13.29.58_63f5899a.jpg","width":1320,"height":731,"caption":"Vincitori Sanremo 2026"},{"@type":"BreadcrumbList","@id":"https:\/\/www.universitybox.com\/scaletta-sanremo-2026-seconda-serata\/#breadcrumb","itemListElement":[{"@type":"ListItem","position":1,"name":"Home","item":"https:\/\/www.universitybox.com\/"},{"@type":"ListItem","position":2,"name":"Scaletta Sanremo 2026 seconda serata dei 15 Big"}]},{"@type":"WebSite","@id":"https:\/\/www.universitybox.com\/#website","url":"https:\/\/www.universitybox.com\/","name":"UniversityBox","description":"La community degli universitari","publisher":{"@id":"https:\/\/www.universitybox.com\/#organization"},"potentialAction":[{"@type":"SearchAction","target":{"@type":"EntryPoint","urlTemplate":"https:\/\/www.universitybox.com\/?s={search_term_string}"},"query-input":{"@type":"PropertyValueSpecification","valueRequired":true,"valueName":"search_term_string"}}],"inLanguage":"en-GB"},{"@type":"Organization","@id":"https:\/\/www.universitybox.com\/#organization","name":"UniversityBox","url":"https:\/\/www.universitybox.com\/","logo":{"@type":"ImageObject","inLanguage":"en-GB","@id":"https:\/\/www.universitybox.com\/#\/schema\/logo\/image\/","url":"https:\/\/www.universitybox.com\/wp-content\/uploads\/2021\/10\/image001.png","contentUrl":"https:\/\/www.universitybox.com\/wp-content\/uploads\/2021\/10\/image001.png","width":198,"height":198,"caption":"UniversityBox"},"image":{"@id":"https:\/\/www.universitybox.com\/#\/schema\/logo\/image\/"}},{"@type":"Person","@id":"https:\/\/www.universitybox.com\/#\/schema\/person\/7fa03b0e63d08b7525a195077a013a2b","name":"Greta Cartera","image":{"@type":"ImageObject","inLanguage":"en-GB","@id":"https:\/\/secure.gravatar.com\/avatar\/9260be4dac4f2cdabb2d6a3295cdf6643d5c08f07035d35d1b6258cc8cf85291?s=96&d=mm&r=g","url":"https:\/\/secure.gravatar.com\/avatar\/9260be4dac4f2cdabb2d6a3295cdf6643d5c08f07035d35d1b6258cc8cf85291?s=96&d=mm&r=g","contentUrl":"https:\/\/secure.gravatar.com\/avatar\/9260be4dac4f2cdabb2d6a3295cdf6643d5c08f07035d35d1b6258cc8cf85291?s=96&d=mm&r=g","caption":"Greta Cartera"},"url":"https:\/\/www.universitybox.com\/en\/author\/greta-cartera\/"}]}},"_links":{"self":[{"href":"https:\/\/www.universitybox.com\/en\/wp-json\/wp\/v2\/posts\/11690","targetHints":{"allow":["GET"]}}],"collection":[{"href":"https:\/\/www.universitybox.com\/en\/wp-json\/wp\/v2\/posts"}],"about":[{"href":"https:\/\/www.universitybox.com\/en\/wp-json\/wp\/v2\/types\/post"}],"author":[{"embeddable":true,"href":"https:\/\/www.universitybox.com\/en\/wp-json\/wp\/v2\/users\/27"}],"replies":[{"embeddable":true,"href":"https:\/\/www.universitybox.com\/en\/wp-json\/wp\/v2\/comments?post=11690"}],"version-history":[{"count":2,"href":"https:\/\/www.universitybox.com\/en\/wp-json\/wp\/v2\/posts\/11690\/revisions"}],"predecessor-version":[{"id":11692,"href":"https:\/\/www.universitybox.com\/en\/wp-json\/wp\/v2\/posts\/11690\/revisions\/11692"}],"wp:featuredmedia":[{"embeddable":true,"href":"https:\/\/www.universitybox.com\/en\/wp-json\/wp\/v2\/media\/9059"}],"wp:attachment":[{"href":"https:\/\/www.universitybox.com\/en\/wp-json\/wp\/v2\/media?parent=11690"}],"wp:term":[{"taxonomy":"category","embeddable":true,"href":"https:\/\/www.universitybox.com\/en\/wp-json\/wp\/v2\/categories?post=11690"},{"taxonomy":"post_tag","embeddable":true,"href":"https:\/\/www.universitybox.com\/en\/wp-json\/wp\/v2\/tags?post=11690"}],"curies":[{"name":"wp","href":"https:\/\/api.w.org\/{rel}","templated":true}]}}