{"id":11417,"date":"2026-01-20T09:57:56","date_gmt":"2026-01-20T08:57:56","guid":{"rendered":"https:\/\/www.universitybox.com\/?p=11417"},"modified":"2026-01-22T19:08:45","modified_gmt":"2026-01-22T18:08:45","slug":"sanremo-2026-date-conduttori-ospiti-nomi","status":"publish","type":"post","link":"https:\/\/www.universitybox.com\/en\/sanremo-2026-date-conduttori-ospiti-nomi\/","title":{"rendered":"Sanremo 2026: Carlo Conti e Laura Pausini alla Guida!"},"content":{"rendered":"<p>Ragazzi, l&#8217;attesa \u00e8 finita! O quasi. Manca ancora un po&#8217;, ma il Festival di Sanremo 2026 sta gi\u00e0 facendo parlare di s\u00e9, e UniversityBox \u00e8 qui per darvi tutte le chicche in anteprima. Se vi state chiedendo &#8220;quando inizia Sanremo 2026?&#8221;, &#8220;chi presenta il Festival?&#8221; o &#8220;quali cantanti e ospiti ci saranno?&#8221;, siete nel posto giusto! Abbiamo le prime indiscrezioni fresche fresche sulle date ufficiali, i conduttori e i primi nomi che promettono scintille.<\/p>\n\n\n\n<figure class=\"wp-block-image size-full\"><a href=\"https:\/\/utravel.it\/partner-ubox?utm_medium=referral&amp;utm_campaign=partner_ubox_paginaofferte_blind&amp;utm_source=ubox_blog\"><img fetchpriority=\"high\" decoding=\"async\" width=\"600\" height=\"100\" src=\"https:\/\/www.universitybox.com\/wp-content\/uploads\/2026\/01\/banner_mobile_BLIND_V2-1.jpg\" alt=\"\" class=\"wp-image-11418\" srcset=\"https:\/\/www.universitybox.com\/wp-content\/uploads\/2026\/01\/banner_mobile_BLIND_V2-1.jpg 600w, https:\/\/www.universitybox.com\/wp-content\/uploads\/2026\/01\/banner_mobile_BLIND_V2-1-300x50.jpg 300w, https:\/\/www.universitybox.com\/wp-content\/uploads\/2026\/01\/banner_mobile_BLIND_V2-1-18x3.jpg 18w\" sizes=\"(max-width: 600px) 100vw, 600px\" \/><\/a><\/figure>\n\n\n\n<h2 class=\"wp-block-heading\">Sanremo 2026: Segnatevi queste Date da non Perdere!<\/h2>\n\n\n\n<p>Pronti con l&#8217;agenda? Il Festival della Canzone Italiana 2026 illuminer\u00e0 l&#8217;Ariston e le nostre serate da marted\u00ec <strong>24 a sabato 28 febbraio 2026<\/strong>. Cinque serate di musica, emozioni e, diciamocelo, anche un po&#8217; di meme che ci faranno compagnia per tutta la settimana. Che siate super fan o che guardiate Sanremo &#8216;per sport&#8217;, queste sono le date ufficiali da tenere d&#8217;occhio.<\/p>\n\n\n\n<h2 class=\"wp-block-heading\">Carlo Conti e Laura Pausini: La Coppia d&#8217;Oro che Far\u00e0 Brillare l&#8217;Ariston<\/h2>\n\n\n\n<p>La notizia che ha fatto il giro del web in un battibaleno \u00e8 la conferma di <strong>Carlo Conti<\/strong> come direttore artistico e conduttore. Una garanzia, no? Ma non finisce qui: al suo fianco, per una conduzione che si preannuncia esplosissima, ci sar\u00e0 nientemeno che <strong>Laura Pausini<\/strong>! Immaginate la loro alchimia sul palco: esperienza, carisma e tanta, tantissima musica. Sar\u00e0 un duo che sapr\u00e0 farci divertire ed emozionare, un vero punto di forza di questa edizione.<\/p>\n\n\n\n<h2 class=\"wp-block-heading\">Ospiti Stregati, 30 Big e 4 Nuove Proposte: Il Palcoscenico \u00e8 Servito!<\/h2>\n\n\n\n<p>E ora veniamo alla ciccia che interessa a tutti: chi canter\u00e0 e chi ci far\u00e0 compagnia sul palco?<\/p>\n\n\n\n<ul class=\"wp-block-list\">\n<li>Innanzitutto, preparatevi a ballare sulla nave Costa, perch\u00e9 l&#8217;ospite fisso che animer\u00e0 le serate al largo sar\u00e0 il mitico <strong>Max Pezzali<\/strong>! Un vero pezzo di storia della musica italiana che porter\u00e0 il suo sound inconfondibile.<\/li>\n\n\n\n<li>Ma non \u00e8 tutto: il numero dei partecipanti promette un Festival ricchissimo. Avremo ben <strong>30 Big in gara<\/strong>, pronti a contendersi la vittoria con brani inediti e performance indimenticabili.<\/li>\n\n\n\n<li>E non dimentichiamoci delle <strong>4 Nuove Proposte<\/strong>, le giovani promesse che avranno l&#8217;opportunit\u00e0 di farsi conoscere dal grande pubblico. Un mix che garantir\u00e0 variet\u00e0 e sorprese!<\/li>\n<\/ul>\n\n\n\n<p>Insomma, l&#8217;edizione 2026 del Festival di Sanremo si preannuncia gi\u00e0 epica. Carlo Conti, Laura Pausini, Max Pezzali e un parterre di artisti da urlo ci aspettano per una settimana di musica e spettacolo. Restate connessi con UniversityBox per non perdere nessun aggiornamento, perch\u00e9 qui la musica non si ferma mai!<\/p>","protected":false},"excerpt":{"rendered":"<p>Ragazzi, l&#8217;attesa \u00e8 finita! O quasi. Manca ancora un po&#8217;, ma il Festival di Sanremo 2026 sta gi\u00e0 facendo parlare di s\u00e9, e UniversityBox \u00e8 qui per darvi tutte le chicche in anteprima. Se vi state chiedendo &#8220;quando inizia Sanremo 2026?&#8221;, &#8220;chi presenta il Festival?&#8221; o &#8220;quali cantanti e ospiti ci saranno?&#8221;, siete nel posto &hellip; <\/p>\n<p class=\"link-more\"><a href=\"https:\/\/www.universitybox.com\/en\/sanremo-2026-date-conduttori-ospiti-nomi\/\" class=\"more-link\">Continue reading<span class=\"screen-reader-text\"> &#8220;Sanremo 2026: Carlo Conti e Laura Pausini alla Guida!&#8221;<\/span><\/a><\/p>","protected":false},"author":27,"featured_media":11445,"comment_status":"closed","ping_status":"closed","sticky":false,"template":"","format":"standard","meta":{"footnotes":""},"categories":[619,8,618],"tags":[1067,1064,34,48,113,1066,1068,696,1065,64,17],"class_list":["post-11417","post","type-post","status-publish","format-standard","has-post-thumbnail","hentry","category-eventi","category-generazione-ubox","category-intrattenimeto","tag-carlo-conti","tag-festival-di-sanremo","tag-gen-z","tag-genz","tag-giovani","tag-luara-pausini","tag-max-pezzali","tag-sanremo-2025","tag-sanremo-2026","tag-studenti","tag-trend"],"yoast_head":"<!-- This site is optimized with the Yoast SEO plugin v27.4 - https:\/\/yoast.com\/product\/yoast-seo-wordpress\/ -->\n<title>Sanremo 2026: Carlo Conti e Laura Pausini alla Guida! - UniversityBox<\/title>\n<meta name=\"description\" content=\"Scopri le date ufficiali di Sanremo 2026, i conduttori Carlo Conti e Laura Pausini, e i primi nomi degli ospiti come Max Pezzali.\" \/>\n<meta name=\"robots\" content=\"index, follow, max-snippet:-1, max-image-preview:large, max-video-preview:-1\" \/>\n<link rel=\"canonical\" href=\"https:\/\/www.universitybox.com\/en\/sanremo-2026-date-conduttori-ospiti-nomi\/\" \/>\n<meta property=\"og:locale\" content=\"en_GB\" \/>\n<meta property=\"og:type\" content=\"article\" \/>\n<meta property=\"og:title\" content=\"Sanremo 2026: Carlo Conti e Laura Pausini alla Guida! - UniversityBox\" \/>\n<meta property=\"og:description\" content=\"Scopri le date ufficiali di Sanremo 2026, i conduttori Carlo Conti e Laura Pausini, e i primi nomi degli ospiti come Max Pezzali.\" \/>\n<meta property=\"og:url\" content=\"https:\/\/www.universitybox.com\/en\/sanremo-2026-date-conduttori-ospiti-nomi\/\" \/>\n<meta property=\"og:site_name\" content=\"UniversityBox\" \/>\n<meta property=\"article:published_time\" content=\"2026-01-20T08:57:56+00:00\" \/>\n<meta property=\"article:modified_time\" content=\"2026-01-22T18:08:45+00:00\" \/>\n<meta property=\"og:image\" content=\"https:\/\/www.universitybox.com\/wp-content\/uploads\/2026\/01\/jeshoots-com-PpYOQgsZDM4-unsplash.jpg\" \/>\n\t<meta property=\"og:image:width\" content=\"2560\" \/>\n\t<meta property=\"og:image:height\" content=\"1707\" \/>\n\t<meta property=\"og:image:type\" content=\"image\/jpeg\" \/>\n<meta name=\"author\" content=\"Greta Cartera\" \/>\n<meta name=\"twitter:card\" content=\"summary_large_image\" \/>\n<meta name=\"twitter:label1\" content=\"Written by\" \/>\n\t<meta name=\"twitter:data1\" content=\"Greta Cartera\" \/>\n\t<meta name=\"twitter:label2\" content=\"Estimated reading time\" \/>\n\t<meta name=\"twitter:data2\" content=\"3 minutes\" \/>\n<script type=\"application\/ld+json\" class=\"yoast-schema-graph\">{\"@context\":\"https:\\\/\\\/schema.org\",\"@graph\":[{\"@type\":\"Article\",\"@id\":\"https:\\\/\\\/www.universitybox.com\\\/en\\\/sanremo-2026-date-conduttori-ospiti-nomi\\\/#article\",\"isPartOf\":{\"@id\":\"https:\\\/\\\/www.universitybox.com\\\/en\\\/sanremo-2026-date-conduttori-ospiti-nomi\\\/\"},\"author\":{\"name\":\"Greta Cartera\",\"@id\":\"https:\\\/\\\/www.universitybox.com\\\/#\\\/schema\\\/person\\\/7fa03b0e63d08b7525a195077a013a2b\"},\"headline\":\"Sanremo 2026: Carlo Conti e Laura Pausini alla Guida!\",\"datePublished\":\"2026-01-20T08:57:56+00:00\",\"dateModified\":\"2026-01-22T18:08:45+00:00\",\"mainEntityOfPage\":{\"@id\":\"https:\\\/\\\/www.universitybox.com\\\/en\\\/sanremo-2026-date-conduttori-ospiti-nomi\\\/\"},\"wordCount\":400,\"publisher\":{\"@id\":\"https:\\\/\\\/www.universitybox.com\\\/#organization\"},\"image\":{\"@id\":\"https:\\\/\\\/www.universitybox.com\\\/en\\\/sanremo-2026-date-conduttori-ospiti-nomi\\\/#primaryimage\"},\"thumbnailUrl\":\"https:\\\/\\\/www.universitybox.com\\\/wp-content\\\/uploads\\\/2026\\\/01\\\/jeshoots-com-PpYOQgsZDM4-unsplash.jpg\",\"keywords\":[\"Carlo Conti\",\"festival di Sanremo\",\"Gen Z\",\"genz\",\"giovani\",\"Luara Pausini\",\"Max Pezzali\",\"Sanremo 2025\",\"Sanremo 2026\",\"studenti\",\"trend\"],\"articleSection\":[\"Eventi\",\"Generazione UBox\",\"Intrattenimeto\"],\"inLanguage\":\"en-GB\"},{\"@type\":\"WebPage\",\"@id\":\"https:\\\/\\\/www.universitybox.com\\\/en\\\/sanremo-2026-date-conduttori-ospiti-nomi\\\/\",\"url\":\"https:\\\/\\\/www.universitybox.com\\\/en\\\/sanremo-2026-date-conduttori-ospiti-nomi\\\/\",\"name\":\"Sanremo 2026: Carlo Conti e Laura Pausini alla Guida! - UniversityBox\",\"isPartOf\":{\"@id\":\"https:\\\/\\\/www.universitybox.com\\\/#website\"},\"primaryImageOfPage\":{\"@id\":\"https:\\\/\\\/www.universitybox.com\\\/en\\\/sanremo-2026-date-conduttori-ospiti-nomi\\\/#primaryimage\"},\"image\":{\"@id\":\"https:\\\/\\\/www.universitybox.com\\\/en\\\/sanremo-2026-date-conduttori-ospiti-nomi\\\/#primaryimage\"},\"thumbnailUrl\":\"https:\\\/\\\/www.universitybox.com\\\/wp-content\\\/uploads\\\/2026\\\/01\\\/jeshoots-com-PpYOQgsZDM4-unsplash.jpg\",\"datePublished\":\"2026-01-20T08:57:56+00:00\",\"dateModified\":\"2026-01-22T18:08:45+00:00\",\"description\":\"Scopri le date ufficiali di Sanremo 2026, i conduttori Carlo Conti e Laura Pausini, e i primi nomi degli ospiti come Max Pezzali.\",\"breadcrumb\":{\"@id\":\"https:\\\/\\\/www.universitybox.com\\\/en\\\/sanremo-2026-date-conduttori-ospiti-nomi\\\/#breadcrumb\"},\"inLanguage\":\"en-GB\",\"potentialAction\":[{\"@type\":\"ReadAction\",\"target\":[\"https:\\\/\\\/www.universitybox.com\\\/en\\\/sanremo-2026-date-conduttori-ospiti-nomi\\\/\"]}]},{\"@type\":\"ImageObject\",\"inLanguage\":\"en-GB\",\"@id\":\"https:\\\/\\\/www.universitybox.com\\\/en\\\/sanremo-2026-date-conduttori-ospiti-nomi\\\/#primaryimage\",\"url\":\"https:\\\/\\\/www.universitybox.com\\\/wp-content\\\/uploads\\\/2026\\\/01\\\/jeshoots-com-PpYOQgsZDM4-unsplash.jpg\",\"contentUrl\":\"https:\\\/\\\/www.universitybox.com\\\/wp-content\\\/uploads\\\/2026\\\/01\\\/jeshoots-com-PpYOQgsZDM4-unsplash.jpg\",\"width\":2560,\"height\":1707,\"caption\":\"Festival di Sanremo\"},{\"@type\":\"BreadcrumbList\",\"@id\":\"https:\\\/\\\/www.universitybox.com\\\/en\\\/sanremo-2026-date-conduttori-ospiti-nomi\\\/#breadcrumb\",\"itemListElement\":[{\"@type\":\"ListItem\",\"position\":1,\"name\":\"Home\",\"item\":\"https:\\\/\\\/www.universitybox.com\\\/\"},{\"@type\":\"ListItem\",\"position\":2,\"name\":\"Sanremo 2026: Carlo Conti e Laura Pausini alla Guida!\"}]},{\"@type\":\"WebSite\",\"@id\":\"https:\\\/\\\/www.universitybox.com\\\/#website\",\"url\":\"https:\\\/\\\/www.universitybox.com\\\/\",\"name\":\"UniversityBox\",\"description\":\"La community degli universitari\",\"publisher\":{\"@id\":\"https:\\\/\\\/www.universitybox.com\\\/#organization\"},\"potentialAction\":[{\"@type\":\"SearchAction\",\"target\":{\"@type\":\"EntryPoint\",\"urlTemplate\":\"https:\\\/\\\/www.universitybox.com\\\/?s={search_term_string}\"},\"query-input\":{\"@type\":\"PropertyValueSpecification\",\"valueRequired\":true,\"valueName\":\"search_term_string\"}}],\"inLanguage\":\"en-GB\"},{\"@type\":\"Organization\",\"@id\":\"https:\\\/\\\/www.universitybox.com\\\/#organization\",\"name\":\"UniversityBox\",\"url\":\"https:\\\/\\\/www.universitybox.com\\\/\",\"logo\":{\"@type\":\"ImageObject\",\"inLanguage\":\"en-GB\",\"@id\":\"https:\\\/\\\/www.universitybox.com\\\/#\\\/schema\\\/logo\\\/image\\\/\",\"url\":\"https:\\\/\\\/www.universitybox.com\\\/wp-content\\\/uploads\\\/2021\\\/10\\\/image001.png\",\"contentUrl\":\"https:\\\/\\\/www.universitybox.com\\\/wp-content\\\/uploads\\\/2021\\\/10\\\/image001.png\",\"width\":198,\"height\":198,\"caption\":\"UniversityBox\"},\"image\":{\"@id\":\"https:\\\/\\\/www.universitybox.com\\\/#\\\/schema\\\/logo\\\/image\\\/\"}},{\"@type\":\"Person\",\"@id\":\"https:\\\/\\\/www.universitybox.com\\\/#\\\/schema\\\/person\\\/7fa03b0e63d08b7525a195077a013a2b\",\"name\":\"Greta Cartera\",\"image\":{\"@type\":\"ImageObject\",\"inLanguage\":\"en-GB\",\"@id\":\"https:\\\/\\\/secure.gravatar.com\\\/avatar\\\/9260be4dac4f2cdabb2d6a3295cdf6643d5c08f07035d35d1b6258cc8cf85291?s=96&d=mm&r=g\",\"url\":\"https:\\\/\\\/secure.gravatar.com\\\/avatar\\\/9260be4dac4f2cdabb2d6a3295cdf6643d5c08f07035d35d1b6258cc8cf85291?s=96&d=mm&r=g\",\"contentUrl\":\"https:\\\/\\\/secure.gravatar.com\\\/avatar\\\/9260be4dac4f2cdabb2d6a3295cdf6643d5c08f07035d35d1b6258cc8cf85291?s=96&d=mm&r=g\",\"caption\":\"Greta Cartera\"},\"url\":\"https:\\\/\\\/www.universitybox.com\\\/en\\\/author\\\/greta-cartera\\\/\"}]}<\/script>\n<!-- \/ Yoast SEO plugin. -->","yoast_head_json":{"title":"Sanremo 2026: Carlo Conti e Laura Pausini alla Guida! - UniversityBox","description":"Scopri le date ufficiali di Sanremo 2026, i conduttori Carlo Conti e Laura Pausini, e i primi nomi degli ospiti come Max Pezzali.","robots":{"index":"index","follow":"follow","max-snippet":"max-snippet:-1","max-image-preview":"max-image-preview:large","max-video-preview":"max-video-preview:-1"},"canonical":"https:\/\/www.universitybox.com\/en\/sanremo-2026-date-conduttori-ospiti-nomi\/","og_locale":"en_GB","og_type":"article","og_title":"Sanremo 2026: Carlo Conti e Laura Pausini alla Guida! - UniversityBox","og_description":"Scopri le date ufficiali di Sanremo 2026, i conduttori Carlo Conti e Laura Pausini, e i primi nomi degli ospiti come Max Pezzali.","og_url":"https:\/\/www.universitybox.com\/en\/sanremo-2026-date-conduttori-ospiti-nomi\/","og_site_name":"UniversityBox","article_published_time":"2026-01-20T08:57:56+00:00","article_modified_time":"2026-01-22T18:08:45+00:00","og_image":[{"width":2560,"height":1707,"url":"https:\/\/www.universitybox.com\/wp-content\/uploads\/2026\/01\/jeshoots-com-PpYOQgsZDM4-unsplash.jpg","type":"image\/jpeg"}],"author":"Greta Cartera","twitter_card":"summary_large_image","twitter_misc":{"Written by":"Greta Cartera","Estimated reading time":"3 minutes"},"schema":{"@context":"https:\/\/schema.org","@graph":[{"@type":"Article","@id":"https:\/\/www.universitybox.com\/en\/sanremo-2026-date-conduttori-ospiti-nomi\/#article","isPartOf":{"@id":"https:\/\/www.universitybox.com\/en\/sanremo-2026-date-conduttori-ospiti-nomi\/"},"author":{"name":"Greta Cartera","@id":"https:\/\/www.universitybox.com\/#\/schema\/person\/7fa03b0e63d08b7525a195077a013a2b"},"headline":"Sanremo 2026: Carlo Conti e Laura Pausini alla Guida!","datePublished":"2026-01-20T08:57:56+00:00","dateModified":"2026-01-22T18:08:45+00:00","mainEntityOfPage":{"@id":"https:\/\/www.universitybox.com\/en\/sanremo-2026-date-conduttori-ospiti-nomi\/"},"wordCount":400,"publisher":{"@id":"https:\/\/www.universitybox.com\/#organization"},"image":{"@id":"https:\/\/www.universitybox.com\/en\/sanremo-2026-date-conduttori-ospiti-nomi\/#primaryimage"},"thumbnailUrl":"https:\/\/www.universitybox.com\/wp-content\/uploads\/2026\/01\/jeshoots-com-PpYOQgsZDM4-unsplash.jpg","keywords":["Carlo Conti","festival di Sanremo","Gen Z","genz","giovani","Luara Pausini","Max Pezzali","Sanremo 2025","Sanremo 2026","studenti","trend"],"articleSection":["Eventi","Generazione UBox","Intrattenimeto"],"inLanguage":"en-GB"},{"@type":"WebPage","@id":"https:\/\/www.universitybox.com\/en\/sanremo-2026-date-conduttori-ospiti-nomi\/","url":"https:\/\/www.universitybox.com\/en\/sanremo-2026-date-conduttori-ospiti-nomi\/","name":"Sanremo 2026: Carlo Conti e Laura Pausini alla Guida! - UniversityBox","isPartOf":{"@id":"https:\/\/www.universitybox.com\/#website"},"primaryImageOfPage":{"@id":"https:\/\/www.universitybox.com\/en\/sanremo-2026-date-conduttori-ospiti-nomi\/#primaryimage"},"image":{"@id":"https:\/\/www.universitybox.com\/en\/sanremo-2026-date-conduttori-ospiti-nomi\/#primaryimage"},"thumbnailUrl":"https:\/\/www.universitybox.com\/wp-content\/uploads\/2026\/01\/jeshoots-com-PpYOQgsZDM4-unsplash.jpg","datePublished":"2026-01-20T08:57:56+00:00","dateModified":"2026-01-22T18:08:45+00:00","description":"Scopri le date ufficiali di Sanremo 2026, i conduttori Carlo Conti e Laura Pausini, e i primi nomi degli ospiti come Max Pezzali.","breadcrumb":{"@id":"https:\/\/www.universitybox.com\/en\/sanremo-2026-date-conduttori-ospiti-nomi\/#breadcrumb"},"inLanguage":"en-GB","potentialAction":[{"@type":"ReadAction","target":["https:\/\/www.universitybox.com\/en\/sanremo-2026-date-conduttori-ospiti-nomi\/"]}]},{"@type":"ImageObject","inLanguage":"en-GB","@id":"https:\/\/www.universitybox.com\/en\/sanremo-2026-date-conduttori-ospiti-nomi\/#primaryimage","url":"https:\/\/www.universitybox.com\/wp-content\/uploads\/2026\/01\/jeshoots-com-PpYOQgsZDM4-unsplash.jpg","contentUrl":"https:\/\/www.universitybox.com\/wp-content\/uploads\/2026\/01\/jeshoots-com-PpYOQgsZDM4-unsplash.jpg","width":2560,"height":1707,"caption":"Festival di Sanremo"},{"@type":"BreadcrumbList","@id":"https:\/\/www.universitybox.com\/en\/sanremo-2026-date-conduttori-ospiti-nomi\/#breadcrumb","itemListElement":[{"@type":"ListItem","position":1,"name":"Home","item":"https:\/\/www.universitybox.com\/"},{"@type":"ListItem","position":2,"name":"Sanremo 2026: Carlo Conti e Laura Pausini alla Guida!"}]},{"@type":"WebSite","@id":"https:\/\/www.universitybox.com\/#website","url":"https:\/\/www.universitybox.com\/","name":"UniversityBox","description":"La community degli universitari","publisher":{"@id":"https:\/\/www.universitybox.com\/#organization"},"potentialAction":[{"@type":"SearchAction","target":{"@type":"EntryPoint","urlTemplate":"https:\/\/www.universitybox.com\/?s={search_term_string}"},"query-input":{"@type":"PropertyValueSpecification","valueRequired":true,"valueName":"search_term_string"}}],"inLanguage":"en-GB"},{"@type":"Organization","@id":"https:\/\/www.universitybox.com\/#organization","name":"UniversityBox","url":"https:\/\/www.universitybox.com\/","logo":{"@type":"ImageObject","inLanguage":"en-GB","@id":"https:\/\/www.universitybox.com\/#\/schema\/logo\/image\/","url":"https:\/\/www.universitybox.com\/wp-content\/uploads\/2021\/10\/image001.png","contentUrl":"https:\/\/www.universitybox.com\/wp-content\/uploads\/2021\/10\/image001.png","width":198,"height":198,"caption":"UniversityBox"},"image":{"@id":"https:\/\/www.universitybox.com\/#\/schema\/logo\/image\/"}},{"@type":"Person","@id":"https:\/\/www.universitybox.com\/#\/schema\/person\/7fa03b0e63d08b7525a195077a013a2b","name":"Greta Cartera","image":{"@type":"ImageObject","inLanguage":"en-GB","@id":"https:\/\/secure.gravatar.com\/avatar\/9260be4dac4f2cdabb2d6a3295cdf6643d5c08f07035d35d1b6258cc8cf85291?s=96&d=mm&r=g","url":"https:\/\/secure.gravatar.com\/avatar\/9260be4dac4f2cdabb2d6a3295cdf6643d5c08f07035d35d1b6258cc8cf85291?s=96&d=mm&r=g","contentUrl":"https:\/\/secure.gravatar.com\/avatar\/9260be4dac4f2cdabb2d6a3295cdf6643d5c08f07035d35d1b6258cc8cf85291?s=96&d=mm&r=g","caption":"Greta Cartera"},"url":"https:\/\/www.universitybox.com\/en\/author\/greta-cartera\/"}]}},"_links":{"self":[{"href":"https:\/\/www.universitybox.com\/en\/wp-json\/wp\/v2\/posts\/11417","targetHints":{"allow":["GET"]}}],"collection":[{"href":"https:\/\/www.universitybox.com\/en\/wp-json\/wp\/v2\/posts"}],"about":[{"href":"https:\/\/www.universitybox.com\/en\/wp-json\/wp\/v2\/types\/post"}],"author":[{"embeddable":true,"href":"https:\/\/www.universitybox.com\/en\/wp-json\/wp\/v2\/users\/27"}],"replies":[{"embeddable":true,"href":"https:\/\/www.universitybox.com\/en\/wp-json\/wp\/v2\/comments?post=11417"}],"version-history":[{"count":1,"href":"https:\/\/www.universitybox.com\/en\/wp-json\/wp\/v2\/posts\/11417\/revisions"}],"predecessor-version":[{"id":11419,"href":"https:\/\/www.universitybox.com\/en\/wp-json\/wp\/v2\/posts\/11417\/revisions\/11419"}],"wp:featuredmedia":[{"embeddable":true,"href":"https:\/\/www.universitybox.com\/en\/wp-json\/wp\/v2\/media\/11445"}],"wp:attachment":[{"href":"https:\/\/www.universitybox.com\/en\/wp-json\/wp\/v2\/media?parent=11417"}],"wp:term":[{"taxonomy":"category","embeddable":true,"href":"https:\/\/www.universitybox.com\/en\/wp-json\/wp\/v2\/categories?post=11417"},{"taxonomy":"post_tag","embeddable":true,"href":"https:\/\/www.universitybox.com\/en\/wp-json\/wp\/v2\/tags?post=11417"}],"curies":[{"name":"wp","href":"https:\/\/api.w.org\/{rel}","templated":true}]}}